{"id":25172,"date":"2015-02-23T09:38:08","date_gmt":"2015-02-23T12:38:08","guid":{"rendered":"http:\/\/argentinamunicipal.com.ar\/argentina\/?p=25172"},"modified":"2015-02-23T09:38:08","modified_gmt":"2015-02-23T12:38:08","slug":"punta-alta-se-invertiran-2-millones-de-pesos-en-el-hospital-comunal","status":"publish","type":"post","link":"http:\/\/argentinamunicipal.com.ar\/argentina\/punta-alta-se-invertiran-2-millones-de-pesos-en-el-hospital-comunal\/","title":{"rendered":"Punta Alta: se invertir\u00e1n 2 millones de pesos en el hospital comunal"},"content":{"rendered":"<div id=\"attachment_25173\" style=\"width: 630px\" class=\"wp-caption aligncenter\"><a href=\"http:\/\/argentinamunicipal.com.ar\/argentina\/wp-content\/uploads\/2015\/02\/PUNTAGUARDIAMUNICIPALC.jpg\"><img loading=\"lazy\" decoding=\"async\" aria-describedby=\"caption-attachment-25173\" class=\"size-full wp-image-25173\" src=\"http:\/\/argentinamunicipal.com.ar\/argentina\/wp-content\/uploads\/2015\/02\/PUNTAGUARDIAMUNICIPALC.jpg\" alt=\"Parte de los funcionarios de la comuna, con el intendente a la cabeza, recorrieron la obra en el nosocomio local.\" width=\"620\" height=\"411\" srcset=\"http:\/\/argentinamunicipal.com.ar\/argentina\/wp-content\/uploads\/2015\/02\/PUNTAGUARDIAMUNICIPALC.jpg 620w, http:\/\/argentinamunicipal.com.ar\/argentina\/wp-content\/uploads\/2015\/02\/PUNTAGUARDIAMUNICIPALC-300x199.jpg 300w\" sizes=\"auto, (max-width: 620px) 100vw, 620px\" \/><\/a><p id=\"caption-attachment-25173\" class=\"wp-caption-text\">Parte de los funcionarios de la comuna, con el intendente a la cabeza, recorrieron la obra en el nosocomio local.<\/p><\/div>\n<p>La obra en el sector de guardia se encuentra en un 75%. Ahora se iniciar\u00e1n los trabajos en la parte interna. Se pondr\u00e1 en valor un espacio para el descanso de los m\u00e9dicos de emergencia.<\/p>\n<p>Contin\u00faa en marcha la obra de ampliaci\u00f3n de la guardia en el Hospital Municipal \u00abEva Per\u00f3n\u00bb que se encuentra en un 75% de avance, seg\u00fan dijo el intendente Oscar Holzman, quien junto a otros funcionarios de la comuna realizaron una recorrida por el lugar, ubicado sobre la calle Mitre al 1100.<\/p>\n<p>\u00abEs un proyecto ambicioso que lo vamos haciendo en la medida en que tenemos disponibilidad econ\u00f3mica. Ahora estamos haciendo la \u00faltima etapa de la construcci\u00f3n y vamos a inicias las terminaciones internas\u00bb, dijo.<\/p>\n<p>Hasta la fecha, indic\u00f3 que se invirti\u00f3 1.089.000 pesos. \u00abTenemos que terminar los interiores, armar el sistema de calefacci\u00f3n y el equipamiento\u00bb.<\/p>\n<p>\u00abPara finalizar todo el proyecto estimo que vamos a necesitar un mill\u00f3n de pesos m\u00e1s. La idea es concluir con esta parte y el sector nuevo donde estar\u00e1 las salas de observaciones, y enfermer\u00eda, emergencia, y una sala de espera y sanitarios. Cuando esto se termine, vamos a trasladar la sala de guardia, y se contar\u00e1 con todas las comodidades y la modernizaci\u00f3n que se requiere\u00bb.<\/p>\n<p>\u00abEstaremos en mejores condiciones para poder atender a la gente que viene a la guardia m\u00e9dica y, por otro lado, vamos a incorporar equipamiento moderno, con lo cual lo que vamos a hacer, sin lugar a dudas, es mejorar la calidad de la prestaci\u00f3n en el sector de la guardia\u00bb.<\/p>\n<p>En la segunda etapa, sostuvo, se pondr\u00e1 en valor la vieja guardia con m\u00e1s capacidad para tener un lugar destinado a los m\u00e9dicos de guardia y ampliar las capacidades para la propia guardia.<\/p>\n<p>\u00abQueremos hacer el proyecto original, que se va retocando a medida que avanza la obra, con un pabell\u00f3n de primer nivel\u00bb.<\/p>\n<p>\u00abEn realidad, en este tipo de emprendimientos, nos gustar\u00eda empezar la obra y terminar al d\u00eda siguiente. Pero hay que tener paciencia\u00bb.<\/p>\n<h6>Fuente: La Nueva<\/h6>\n","protected":false},"excerpt":{"rendered":"<p>La obra en el sector de guardia se encuentra en un 75%. Ahora se iniciar\u00e1n los trabajos en la parte interna. Se pondr\u00e1 en valor un espacio para el descanso de los m\u00e9dicos de emergencia. Contin\u00faa en marcha la obra de ampliaci\u00f3n de la guardia en el Hospital Municipal \u00abEva Per\u00f3n\u00bb que se encuentra en<\/p>\n","protected":false},"author":2,"featured_media":25173,"comment_status":"closed","ping_status":"closed","sticky":false,"template":"","format":"standard","meta":{"footnotes":""},"categories":[2],"tags":[12],"class_list":["post-25172","post","type-post","status-publish","format-standard","has-post-thumbnail","hentry","category-informe-municipal","tag-buenos-aires"],"_links":{"self":[{"href":"http:\/\/argentinamunicipal.com.ar\/argentina\/wp-json\/wp\/v2\/posts\/25172","targetHints":{"allow":["GET"]}}],"collection":[{"href":"http:\/\/argentinamunicipal.com.ar\/argentina\/wp-json\/wp\/v2\/posts"}],"about":[{"href":"http:\/\/argentinamunicipal.com.ar\/argentina\/wp-json\/wp\/v2\/types\/post"}],"author":[{"embeddable":true,"href":"http:\/\/argentinamunicipal.com.ar\/argentina\/wp-json\/wp\/v2\/users\/2"}],"replies":[{"embeddable":true,"href":"http:\/\/argentinamunicipal.com.ar\/argentina\/wp-json\/wp\/v2\/comments?post=25172"}],"version-history":[{"count":0,"href":"http:\/\/argentinamunicipal.com.ar\/argentina\/wp-json\/wp\/v2\/posts\/25172\/revisions"}],"wp:featuredmedia":[{"embeddable":true,"href":"http:\/\/argentinamunicipal.com.ar\/argentina\/wp-json\/wp\/v2\/media\/25173"}],"wp:attachment":[{"href":"http:\/\/argentinamunicipal.com.ar\/argentina\/wp-json\/wp\/v2\/media?parent=25172"}],"wp:term":[{"taxonomy":"category","embeddable":true,"href":"http:\/\/argentinamunicipal.com.ar\/argentina\/wp-json\/wp\/v2\/categories?post=25172"},{"taxonomy":"post_tag","embeddable":true,"href":"http:\/\/argentinamunicipal.com.ar\/argentina\/wp-json\/wp\/v2\/tags?post=25172"}],"curies":[{"name":"wp","href":"https:\/\/api.w.org\/{rel}","templated":true}]}}