{"id":25187,"date":"2015-02-23T10:19:44","date_gmt":"2015-02-23T13:19:44","guid":{"rendered":"http:\/\/argentinamunicipal.com.ar\/argentina\/?p=25187"},"modified":"2015-02-23T10:19:44","modified_gmt":"2015-02-23T13:19:44","slug":"la-presidenta-inaugura-el-nuevo-edificio-municipal-de-berazategui","status":"publish","type":"post","link":"http:\/\/argentinamunicipal.com.ar\/argentina\/la-presidenta-inaugura-el-nuevo-edificio-municipal-de-berazategui\/","title":{"rendered":"La Presidenta inaugura el nuevo edificio municipal de Berazategui"},"content":{"rendered":"<p><a href=\"http:\/\/argentinamunicipal.com.ar\/argentina\/wp-content\/uploads\/2015\/02\/17392_3.jpg\"><img loading=\"lazy\" decoding=\"async\" class=\"aligncenter size-full wp-image-25188\" src=\"http:\/\/argentinamunicipal.com.ar\/argentina\/wp-content\/uploads\/2015\/02\/17392_3.jpg\" alt=\"17392_3\" width=\"599\" height=\"399\" srcset=\"http:\/\/argentinamunicipal.com.ar\/argentina\/wp-content\/uploads\/2015\/02\/17392_3.jpg 599w, http:\/\/argentinamunicipal.com.ar\/argentina\/wp-content\/uploads\/2015\/02\/17392_3-300x200.jpg 300w\" sizes=\"auto, (max-width: 599px) 100vw, 599px\" \/><\/a><br \/>\nCristina Fern\u00e1ndez de Kirchner, inaugurar\u00e1 el nuevo edificio municipal de Berazategui, junto al intendente, Patricio Mussi. El nuevo Palacio Municipal est\u00e1 cableado \u00edntegramente con fibra \u00f3ptica.<\/p>\n<p>Se trata del primer edificio gubernamental de la provincia de Buenos Aires en adoptar esta tecnolog\u00eda, utilizarla en \u00e9l y expandirla al resto del distrito, a fin de mejorar y aumentar los servicios al vecino.<\/p>\n<p>Para el intendente, Patricio Mussi, la tecnolog\u00eda es una herramienta fundamental para gobernar mejor; a la vez que el rol de la inform\u00e1tica en el acceso al conocimiento es \u00abla Justicia Social del Siglo XXI\u00bb y el nuevo paradigma de la inclusi\u00f3n.<\/p>\n<p>Adem\u00e1s, la nueva sede, incluir?\u00e1? un panel de control desde donde se podr\u00e1 monitorear el comportamiento de c\u00e1maras de seguridad, de todos los servicios, incluyendo reclamos, sem\u00e1foros, pozos de agua, entre otros. A este control se suman 25 plazas del distrito en las cuales se ofrecer\u00e1 Wi Fi gratuito, como as\u00ed tambi\u00e9n la conectividad del total de las 303 escuelas p\u00fablicas y privadas.<\/p>\n<h6>Fuente: Perspectiva Sur<\/h6>\n","protected":false},"excerpt":{"rendered":"<p>Cristina Fern\u00e1ndez de Kirchner, inaugurar\u00e1 el nuevo edificio municipal de Berazategui, junto al intendente, Patricio Mussi. El nuevo Palacio Municipal est\u00e1 cableado \u00edntegramente con fibra \u00f3ptica. Se trata del primer edificio gubernamental de la provincia de Buenos Aires en adoptar esta tecnolog\u00eda, utilizarla en \u00e9l y expandirla al resto del distrito, a fin de mejorar<\/p>\n","protected":false},"author":2,"featured_media":25188,"comment_status":"closed","ping_status":"closed","sticky":false,"template":"","format":"standard","meta":{"footnotes":""},"categories":[2],"tags":[12],"class_list":["post-25187","post","type-post","status-publish","format-standard","has-post-thumbnail","hentry","category-informe-municipal","tag-buenos-aires"],"_links":{"self":[{"href":"http:\/\/argentinamunicipal.com.ar\/argentina\/wp-json\/wp\/v2\/posts\/25187","targetHints":{"allow":["GET"]}}],"collection":[{"href":"http:\/\/argentinamunicipal.com.ar\/argentina\/wp-json\/wp\/v2\/posts"}],"about":[{"href":"http:\/\/argentinamunicipal.com.ar\/argentina\/wp-json\/wp\/v2\/types\/post"}],"author":[{"embeddable":true,"href":"http:\/\/argentinamunicipal.com.ar\/argentina\/wp-json\/wp\/v2\/users\/2"}],"replies":[{"embeddable":true,"href":"http:\/\/argentinamunicipal.com.ar\/argentina\/wp-json\/wp\/v2\/comments?post=25187"}],"version-history":[{"count":0,"href":"http:\/\/argentinamunicipal.com.ar\/argentina\/wp-json\/wp\/v2\/posts\/25187\/revisions"}],"wp:featuredmedia":[{"embeddable":true,"href":"http:\/\/argentinamunicipal.com.ar\/argentina\/wp-json\/wp\/v2\/media\/25188"}],"wp:attachment":[{"href":"http:\/\/argentinamunicipal.com.ar\/argentina\/wp-json\/wp\/v2\/media?parent=25187"}],"wp:term":[{"taxonomy":"category","embeddable":true,"href":"http:\/\/argentinamunicipal.com.ar\/argentina\/wp-json\/wp\/v2\/categories?post=25187"},{"taxonomy":"post_tag","embeddable":true,"href":"http:\/\/argentinamunicipal.com.ar\/argentina\/wp-json\/wp\/v2\/tags?post=25187"}],"curies":[{"name":"wp","href":"https:\/\/api.w.org\/{rel}","templated":true}]}}