{"id":25197,"date":"2015-02-23T10:38:18","date_gmt":"2015-02-23T13:38:18","guid":{"rendered":"http:\/\/argentinamunicipal.com.ar\/argentina\/?p=25197"},"modified":"2015-04-24T10:30:30","modified_gmt":"2015-04-24T13:30:30","slug":"mejoramiento-del-casco-centrico-de-catamarca-como-parte-de-un-corredor-turistico","status":"publish","type":"post","link":"http:\/\/argentinamunicipal.com.ar\/argentina\/mejoramiento-del-casco-centrico-de-catamarca-como-parte-de-un-corredor-turistico\/","title":{"rendered":"Mejoramiento del casco c\u00e9ntrico de Catamarca como parte de un corredor tur\u00edstico"},"content":{"rendered":"<p><a href=\"http:\/\/argentinamunicipal.com.ar\/argentina\/wp-content\/uploads\/2015\/02\/sanFernando02-pabloCoria.jpg\"><img loading=\"lazy\" decoding=\"async\" class=\"aligncenter  wp-image-25198\" src=\"http:\/\/argentinamunicipal.com.ar\/argentina\/wp-content\/uploads\/2015\/02\/sanFernando02-pabloCoria.jpg\" alt=\"sanFernando02-pabloCoria\" width=\"633\" height=\"424\" srcset=\"http:\/\/argentinamunicipal.com.ar\/argentina\/wp-content\/uploads\/2015\/02\/sanFernando02-pabloCoria.jpg 1400w, http:\/\/argentinamunicipal.com.ar\/argentina\/wp-content\/uploads\/2015\/02\/sanFernando02-pabloCoria-300x201.jpg 300w, http:\/\/argentinamunicipal.com.ar\/argentina\/wp-content\/uploads\/2015\/02\/sanFernando02-pabloCoria-1024x685.jpg 1024w\" sizes=\"auto, (max-width: 633px) 100vw, 633px\" \/><\/a><br \/>\nLa restauraci\u00f3n y puesta en valor del casco hist\u00f3rico de la ciudad desde la plaza principal, las fachadas circundantes, los museos como Caravati y Virgen del Valle, fueron pensados desde la municipalidad capitalina como parte del recorrido cultural e hist\u00f3rico provincial desde la arquitectura y el turismo como una fuente de ingreso genuino.<\/p>\n<p>Para hacerlo posible se invirtieron aproximadamente ocho millones.<br \/>\nEl director de Planeamiento Urbano, Rodrigo Molas, y el asesor de Intendencia, Luis Monferr\u00e1n, llevaron a cabo el ambicioso proyecto que consiste en la revalorizaci\u00f3n, recuperaci\u00f3n y puesta en valor del patrimonio arquitect\u00f3nico y paisaj\u00edstico de la ciudad de Catamarca.<\/p>\n<p>Explicaron que, para hacerlo posible, en primer lugar se tom\u00f3 como referencia la plaza central como elemento emblem\u00e1tico. Para intervenir se tom\u00f3 una serie de premisas, como ser la recuperaci\u00f3n de la historia catamarque\u00f1a a trav\u00e9s de la arquitectura y el paisaje. En arquitectura recuperando las obras de Caravati, la Catedral, Casa de Gobierno, casa General Navarro, la Plaza de Carlos Thays, que son nombres que empiezan a tomar una forma nacional e internacional, y la obra art d\u00e9co del ex Cine Teatro Catamarca y el Cine Catamarca, como el ex Banco Catamarca que es una de las pocas obras de brutalismo que hay en el pa\u00eds, de Clorindo Testa, obras de gran prestigio y mucho valor patrimonial.<\/p>\n<p>\u201cEn definitiva, los pasos que tomamos fueron un estudio hist\u00f3rico de lo que era la plaza desde\u00a0 sus inicios, la fundaci\u00f3n misma hasta hoy\u201d, expres\u00f3 Molas.<\/p>\n<p><strong>Apoyo de la Intendencia<\/strong><\/p>\n<p>El equipo coment\u00f3 que se trata de una decisi\u00f3n tomada por el actual intendente Ra\u00fal Jalil, de hacer un sistema de recorrido pensado desde la arquitectura y el turismo.<\/p>\n<p>Esto forma parte de una propuesta que contempla fuertemente la idea de la ciudad en su totalidad, tanto la periferia como el centro capitalino. Es decir, trabajar con todos los problemas que tiene la periferia como la pavimentaci\u00f3n, desag\u00fces pluviales, iluminaci\u00f3n, cloacas y gas, y complementar con la fachada, que es la plaza, y la expresi\u00f3n que tiene la fachada son los museos.<\/p>\n<p>\u201cEl pensamiento del intendente es que la mejor forma de mantener las viviendas de patrimonio de la ciudad o que tengan valor en la ciudad era generar\u00a0 una ciudad museo\u201d, explic\u00f3 Monferr\u00e1n, y agreg\u00f3: \u201cNosotros si lo extendemos y generamos una cuesti\u00f3n de casas administrativas y museos hacemos que toda la ciudad tenga un recorrido de museos\u201d.<\/p>\n<p>Monferr\u00e1n asegur\u00f3 que \u201cel intendente es una persona muy visionaria\u201d, en sentido de que desde un primer momento estuvo convencido de este proyecto.<\/p>\n<p>\u201cAnalizamos absolutamente todo y la mayor\u00eda de los planteos de orden de estructuraci\u00f3n urban\u00edstico estaba enunciada anteriormente, no se materializaron porque quien tuvo que hacerlo no lo hizo\u201d, expres\u00f3 Monferr\u00e1n.<\/p>\n<p><strong>Trabajo proyectado<\/strong><\/p>\n<p>La puesta en valor del casco c\u00e9ntrico consisti\u00f3 en una reestructuraci\u00f3n de tres etapas en las que la comuna trabaj\u00f3 a lo largo de m\u00e1s de dos a\u00f1os. En 2012, con la puesta en valor de las fachadas circundantes a la plaza principal se retiraron carteles que no dejaban apreciar la belleza de los edificios hist\u00f3ricos, y se recuperaron las fachadas antiguas dejando a la vista su estilo original.<\/p>\n<p>Las veredas del centro se ensancharon para comenzar a priorizar el paso peatonal por sobre la circulaci\u00f3n vehicular, se instalaron ca\u00f1os subterr\u00e1neos para el soterramiento del cableado y se colocaron adoquines con sistema de encastre.<\/p>\n<p>Mediante un estudio hist\u00f3rico se determin\u00f3 un punto significativo y emblem\u00e1tico a comienzos del siglo XX, cuando el arquitecto y paisajista Carlos Thays realiz\u00f3 algunos bocetos sobre la plaza principal, que es la estructura actual de dos niveles, de origen franc\u00e9s en la parte superior e ingl\u00e9s en la parte inferior.<\/p>\n<p>Los trabajos encarados consistieron en recuperaci\u00f3n del espacio verde y taludes originales, colocaci\u00f3n de 86 ejemplares de \u00e1rboles, sistema de riego por aspersi\u00f3n, accesibilidad para discapacitados, bancos y luminarias nuevas, relojes, recuperaci\u00f3n de fuentes, monumento central y solar principal. Adem\u00e1s se incorporaron una glorieta, un espacio joven y el primer Jard\u00edn de la Memoria de la Argentina.<\/p>\n<p>Magnolias, naranjos amargos, araucarias, iberacuit\u00e1, ceibos y lapachos son las especies plantadas. En las cuadras circundantes a la plaza se plantaron 40 ejemplares, en tanto que dentro del espacio se plantaron 36. Alrededor de 6.000 metros cuadrados son ahora superficie verde, lo cual representa el 90 por ciento de la plaza.<\/p>\n<p>Adem\u00e1s, se embelleci\u00f3 el paseo con especies ornamentales que se adaptan a las condiciones de sombra y sol de la plaza: lavandas, santa rita, durantas y especies florales como alisos y clavelinas se colocaron en distintos sectores. En los canteros superiores, paseos y senderos se pusieron abelias, coronas de novia, boj, hiedras, pasto ingl\u00e9s, azareros enanos, margaritones y dianelas, entre otras especies.<\/p>\n<p>\u201cSe realiz\u00f3 una implantaci\u00f3n de 86 nuevas plantas, adentro de la plaza se colocaron 19 especies nuevas y se sacaron 16 muertas. Se plantaron cinco metros cuadrados de c\u00e9sped. Se coloc\u00f3 riego por goteo y aspersi\u00f3n que antes no exist\u00eda, ten\u00eda 3 mil metros de capacidad de agua, ahora tiene 30 mil. Se cambiaron las fuentes con un sistema nuevo, todos los pisos, todo el sistema de\u00a0 iluminaci\u00f3n de led, se recuperaron dos luminarias enormes que hab\u00edamos encontrado anterior al per\u00edodo de Thays, se agregaron rampas, nuevos espacios internos que son los jardines rom\u00e1nticos, m\u00e1s de cuatro mil plantines colocados en toda la plaza, cada uno con una gotita de agua para que funcione\u201d, detall\u00f3 Molas.<\/p>\n<p>Adem\u00e1s, se intervino en el monumento a San Mart\u00edn con granito de primer nivel, se colocaron rampas y acceso pleno para todas las personas.<\/p>\n<p><strong>Recuperaci\u00f3n hist\u00f3rica<\/strong><\/p>\n<p>\u201cHemos marcado una tendencia en el estilo del dise\u00f1o, no hemos tratado de imitar a ninguna ciudad. Se buscaron materiales vanguardistas como el adoqu\u00edn, las p\u00e9rgolas, iluminaci\u00f3n de las fachadas, sistema de riego, siempre respetando el patrimonio arquitect\u00f3nico y paisajista de la ciudad\u201d, se\u00f1al\u00f3 Molas.<\/p>\n<p>\u201cEn definitiva, los pasos que tomamos fueron un estudio hist\u00f3rico de lo que era la plaza desde sus inicios, la fundaci\u00f3n misma hasta hoy\u201d, asegur\u00f3 el director.<\/p>\n<p>Explicaron que se detectaron varios puntos de intervenci\u00f3n en la plaza, en primer lugar durante el gobierno de Fernando Mate de Luna era m\u00e1s que un solar al estilo espa\u00f1ol, parecido a una quinta, con frutales y alambrado a la vuelta. Luego, en el per\u00edodo del general Octaviano Navarro, cuando los convoc\u00f3 a Thays y a Caravati para hacer otro tipo de intervenciones en la ciudad: en la plaza principal, Casa de Gobierno, la terminaci\u00f3n de la Catedral Bas\u00edlica que se vinculan con la obra de Casa de Gobierno, el Seminario, la casa del General Navarro y la casa de Francisco Ram\u00f3n Gal\u00edndez.<\/p>\n<p>Thays en el S. XX hace una propuesta notable destacando la geograf\u00eda de Catamarca, el arquitecto decide colocar en la parte superior un estilo franc\u00e9s y en la parte inferior un estilo ingl\u00e9s. \u201cUna de las particularidades que tiene su obra es que ac\u00e1 en Catamarca vincul\u00f3 a sus dos estilos, algo \u00fanico en el mundo\u201d.<\/p>\n<p>\u201cLo que se hizo fue buscar lo esencial, en este caso la plaza, con tres per\u00edodos, luego esta intervenci\u00f3n y a\u00f1os de mutilaci\u00f3n. Entonces, la idea era recuperar la historia en el mejor punto de cada edificio y dem\u00e1s, por supuesto, hab\u00eda obras de Navarro 1860, de la plaza 1910, que ahora se encuentran en su m\u00e1ximo esplendor\u201d.<\/p>\n<p>Cabe destacar que el mismo nieto de Thays apoy\u00f3 el proyecto.<\/p>\n<p>Aseguraron que se trabaj\u00f3 a conciencia, recuperando cada parte de la historia: \u201cSe colocaron 7 t\u00f3tem explicativos en la plaza, hay mucha historia, explican qui\u00e9nes fueron los dise\u00f1adores, acontecimientos que sucedieron, eventos y situaciones\u201d.<\/p>\n<p><strong>Ciudadanos contentos<\/strong><\/p>\n<p>Los funcionarios aseguraron que el proyecto estuvo pensado desde antes de asumir la gesti\u00f3n, se trabaj\u00f3 con un equipo multidisciplinario para incluir a todas las \u00e1reas. Asimismo, a medida que avanz\u00f3 la obra se fueron encontrando puntos de inflexi\u00f3n con otras partes de la comunidad, propias del desconocimiento y el desconcierto ante el cambio.<\/p>\n<p>Sin embargo, una vez que concluy\u00f3 la obra, los ciudadanos aceptaron los cambios porque cambiaron totalmente el paisaje del casco c\u00e9ntrico y los corredores de su alrededor.<\/p>\n<p>\u201cLa mejor respuesta est\u00e1 en la forma que se usa, la plaza est\u00e1 llena de gente a la hora que uno pase\u201d, se\u00f1al\u00f3 Monferr\u00e1n.<\/p>\n<p>En este sentido, Molas agreg\u00f3: \u201cNos pasa que llega gente, catamarque\u00f1os que vivieron muchos a\u00f1os fuera de la ciudad, familiares o turistas que ven un cambio absoluto en la ciudad, ven realmente esto que no es una cuesti\u00f3n casual ni fortuita, esto ha sido un trabajo absolutamente pensado por el intendente con otras \u00e1reas como la nuestra\u201d.<\/p>\n<p><strong>Ahora la plaza Virgen del Valle<\/strong><\/p>\n<p>Ahora la comuna inici\u00f3 junto con la Universidad Nacional de Catamarca el proyecto de puesta en valor de la plaza Virgen del Valle y del predio de la UNCA.<\/p>\n<p>El proyecto apunta a poder integrar la universidad con la plaza Virgen del Valle; la idea es dotar de infraestructura a este espacio verde para que est\u00e9 m\u00e1s acorde. A la vuelta de la universidad quieren hacer un corredor de salud uni\u00e9ndolo con la propia plaza.<\/p>\n<p>Adem\u00e1s, se pretende colocar adoquines en avenida Belgrano desde Maip\u00fa hasta Ayacucho, y all\u00ed desviar la circulaci\u00f3n de colectivos hacia la avenida Juan Pablo Vera, pero al mismo tiempo hacer que el tr\u00e1nsito se desplace en un solo sentido por Maip\u00fa (salida del microcentro) y por Ayacucho (ingreso).<\/p>\n<p>&#8230; \u201cAnalizamos absolutamente todo, y la mayor\u00eda de los planteos de orden de estructuraci\u00f3n urban\u00edstico estaba enunciada anteriormente, no se\u00a0 materializaron porque quien tuvo que hacerlo no lo hizo\u201d, expres\u00f3 Monferr\u00e1n&#8230;<br \/>\n\u201cHemos marcado una tendencia en el estilo del dise\u00f1o, no hemos tratado de imitar a ninguna ciudad. Se buscaron materiales vanguardistas como el adoqu\u00edn..<\/p>\n<h6>Fuente: La Uni\u00f3n Digital<\/h6>\n","protected":false},"excerpt":{"rendered":"<p>La restauraci\u00f3n y puesta en valor del casco hist\u00f3rico de la ciudad desde la plaza principal, las fachadas circundantes, los museos como Caravati y Virgen del Valle, fueron pensados desde la municipalidad capitalina como parte del recorrido cultural e hist\u00f3rico provincial desde la arquitectura y el turismo como una fuente de ingreso genuino. Para hacerlo<\/p>\n","protected":false},"author":2,"featured_media":25198,"comment_status":"closed","ping_status":"closed","sticky":false,"template":"","format":"standard","meta":{"footnotes":""},"categories":[2],"tags":[16],"class_list":["post-25197","post","type-post","status-publish","format-standard","has-post-thumbnail","hentry","category-informe-municipal","tag-catamarca"],"_links":{"self":[{"href":"http:\/\/argentinamunicipal.com.ar\/argentina\/wp-json\/wp\/v2\/posts\/25197","targetHints":{"allow":["GET"]}}],"collection":[{"href":"http:\/\/argentinamunicipal.com.ar\/argentina\/wp-json\/wp\/v2\/posts"}],"about":[{"href":"http:\/\/argentinamunicipal.com.ar\/argentina\/wp-json\/wp\/v2\/types\/post"}],"author":[{"embeddable":true,"href":"http:\/\/argentinamunicipal.com.ar\/argentina\/wp-json\/wp\/v2\/users\/2"}],"replies":[{"embeddable":true,"href":"http:\/\/argentinamunicipal.com.ar\/argentina\/wp-json\/wp\/v2\/comments?post=25197"}],"version-history":[{"count":0,"href":"http:\/\/argentinamunicipal.com.ar\/argentina\/wp-json\/wp\/v2\/posts\/25197\/revisions"}],"wp:featuredmedia":[{"embeddable":true,"href":"http:\/\/argentinamunicipal.com.ar\/argentina\/wp-json\/wp\/v2\/media\/25198"}],"wp:attachment":[{"href":"http:\/\/argentinamunicipal.com.ar\/argentina\/wp-json\/wp\/v2\/media?parent=25197"}],"wp:term":[{"taxonomy":"category","embeddable":true,"href":"http:\/\/argentinamunicipal.com.ar\/argentina\/wp-json\/wp\/v2\/categories?post=25197"},{"taxonomy":"post_tag","embeddable":true,"href":"http:\/\/argentinamunicipal.com.ar\/argentina\/wp-json\/wp\/v2\/tags?post=25197"}],"curies":[{"name":"wp","href":"https:\/\/api.w.org\/{rel}","templated":true}]}}