{"id":25222,"date":"2015-02-23T11:35:56","date_gmt":"2015-02-23T14:35:56","guid":{"rendered":"http:\/\/argentinamunicipal.com.ar\/argentina\/?p=25222"},"modified":"2015-02-23T11:35:56","modified_gmt":"2015-02-23T14:35:56","slug":"el-gobierno-griego-acelera-los-contactos-para-que-le-aprueben-su-propuesta","status":"publish","type":"post","link":"http:\/\/argentinamunicipal.com.ar\/argentina\/el-gobierno-griego-acelera-los-contactos-para-que-le-aprueben-su-propuesta\/","title":{"rendered":"El gobierno griego acelera los contactos para que le aprueben su propuesta"},"content":{"rendered":"<p><a href=\"http:\/\/argentinamunicipal.com.ar\/argentina\/wp-content\/uploads\/2015\/02\/Alemania-Grecia-rescate-Eurogrupo_MDSVID20150219_0174_17.jpg\"><img loading=\"lazy\" decoding=\"async\" class=\"aligncenter size-full wp-image-25223\" src=\"http:\/\/argentinamunicipal.com.ar\/argentina\/wp-content\/uploads\/2015\/02\/Alemania-Grecia-rescate-Eurogrupo_MDSVID20150219_0174_17.jpg\" alt=\"Alemania-Grecia-rescate-Eurogrupo_MDSVID20150219_0174_17\" width=\"654\" height=\"371\" srcset=\"http:\/\/argentinamunicipal.com.ar\/argentina\/wp-content\/uploads\/2015\/02\/Alemania-Grecia-rescate-Eurogrupo_MDSVID20150219_0174_17.jpg 654w, http:\/\/argentinamunicipal.com.ar\/argentina\/wp-content\/uploads\/2015\/02\/Alemania-Grecia-rescate-Eurogrupo_MDSVID20150219_0174_17-300x170.jpg 300w\" sizes=\"auto, (max-width: 654px) 100vw, 654px\" \/><\/a><br \/>\nAtenas mantiene contactos contrarreloj con los acreedores internacionales para que el Eurogrupo apruebe la propuesta que en las pr\u00f3ximas horas debe enviar a Bruselas, decisiva para que sus socios decidan si extienden cuatro meses la financiaci\u00f3n del pa\u00eds.<\/p>\n<p>En declaraciones al canal de televis\u00f3n Skai, el portavoz Gabriel Sakellaridis revel\u00f3 que la propuesta de Grecia \u00abincluir\u00e1 reformas contra la evasi\u00f3n fiscal y la corrupci\u00f3n para que los impuestos se distribuyan de una manera m\u00e1s justa en t\u00e9rminos sociales\u00bb.<\/p>\n<p>Indic\u00f3 el funcionario que el listado de reformas a\u00fan no ha sido remitido a Bruselas, pero ser\u00e1 enviada antes de que concluya la jornada de hoy, tal como se pact\u00f3 el viernes pasado en el Eurogrupo a cambio de prorrogar cuatro meses el rescate, cit\u00f3 la agencia de noticias Europa Press.<\/p>\n<p>Ayer, el legendario Manaolis Glezos, eurodiputado griego de Syriza y emblema de la izquierda de su pa\u00eds, critic\u00f3 el acuerdo al que lleg\u00f3 el gobierno de Alexis Tsipras con el Eurogrupo y llam\u00f3 a los seguidores de la coalici\u00f3n a movilizarse para manifestar su desacuerdo.<\/p>\n<p>\u00abEl cambio de nombre de la troika a instituciones, el del memor\u00e1ndum por acuerdo y el de prestamistas por socios no cambia la realidad anterior\u00bb, asegur\u00f3 Glezos en un art\u00edculo publicado en un blog.<\/p>\n<p>Fiel a su estilo e historia, solicit\u00f3 a \u00abtodos los miembros y simpatizantes\u00bb de Syriza que decidan \u00aben reuniones extraordinarias en todos los niveles de la organizaci\u00f3n\u00bb si aceptan la decisi\u00f3n del Ejecutivo.<\/p>\n<p>El emblem\u00e1tico pol\u00edtico izquierdista subray\u00f3 que ya pas\u00f3 un mes desde las elecciones y a\u00fan no se ha hecho realidad la promesa de Syriza \u00abde abolir la troika y el programa de rescate\u00bb, subray\u00f3.<\/p>\n<p>Fuentes gubernamentales comentaron que la negociaci\u00f3n con los pa\u00edses de la eurozona est\u00e1 en curso y afirmaron que el eurodiputado Glezos \u00abno tiene una idea clara acerca de las duras negociaciones\u00bb con los socios europeos de Grecia.<\/p>\n<p>El s\u00e1bado \u00faltimo, Tsipras, afirm\u00f3 que hab\u00edan ganado \u00abuna batalla, no la guerra\u00bb, luego del trabajoso acuerdo al que arrib\u00f3 el viernes con sus socios del Eurogrupo, y por el cual Atenas obtuvo un respiro de cuatro meses para extender la ayuda financiera al pa\u00eds.<\/p>\n<p>El primer ministro griego destac\u00f3 que el acuerdo supone la cancelaci\u00f3n de los compromisos previos suscriptos por los anteriores gobiernos griegos, aunque advirti\u00f3 a sus conciudadanos que \u00ablo dif\u00edcil empieza ahora\u00bb, y que \u00abla lucha del pueblo griego contin\u00faa\u00bb.<\/p>\n<h6>Fuente: T\u00e9lam<\/h6>\n","protected":false},"excerpt":{"rendered":"<p>Atenas mantiene contactos contrarreloj con los acreedores internacionales para que el Eurogrupo apruebe la propuesta que en las pr\u00f3ximas horas debe enviar a Bruselas, decisiva para que sus socios decidan si extienden cuatro meses la financiaci\u00f3n del pa\u00eds. En declaraciones al canal de televis\u00f3n Skai, el portavoz Gabriel Sakellaridis revel\u00f3 que la propuesta de Grecia<\/p>\n","protected":false},"author":2,"featured_media":25223,"comment_status":"closed","ping_status":"closed","sticky":false,"template":"","format":"standard","meta":{"footnotes":""},"categories":[22],"tags":[57],"class_list":["post-25222","post","type-post","status-publish","format-standard","has-post-thumbnail","hentry","category-el-mundo","tag-el-mundo"],"_links":{"self":[{"href":"http:\/\/argentinamunicipal.com.ar\/argentina\/wp-json\/wp\/v2\/posts\/25222","targetHints":{"allow":["GET"]}}],"collection":[{"href":"http:\/\/argentinamunicipal.com.ar\/argentina\/wp-json\/wp\/v2\/posts"}],"about":[{"href":"http:\/\/argentinamunicipal.com.ar\/argentina\/wp-json\/wp\/v2\/types\/post"}],"author":[{"embeddable":true,"href":"http:\/\/argentinamunicipal.com.ar\/argentina\/wp-json\/wp\/v2\/users\/2"}],"replies":[{"embeddable":true,"href":"http:\/\/argentinamunicipal.com.ar\/argentina\/wp-json\/wp\/v2\/comments?post=25222"}],"version-history":[{"count":0,"href":"http:\/\/argentinamunicipal.com.ar\/argentina\/wp-json\/wp\/v2\/posts\/25222\/revisions"}],"wp:featuredmedia":[{"embeddable":true,"href":"http:\/\/argentinamunicipal.com.ar\/argentina\/wp-json\/wp\/v2\/media\/25223"}],"wp:attachment":[{"href":"http:\/\/argentinamunicipal.com.ar\/argentina\/wp-json\/wp\/v2\/media?parent=25222"}],"wp:term":[{"taxonomy":"category","embeddable":true,"href":"http:\/\/argentinamunicipal.com.ar\/argentina\/wp-json\/wp\/v2\/categories?post=25222"},{"taxonomy":"post_tag","embeddable":true,"href":"http:\/\/argentinamunicipal.com.ar\/argentina\/wp-json\/wp\/v2\/tags?post=25222"}],"curies":[{"name":"wp","href":"https:\/\/api.w.org\/{rel}","templated":true}]}}