{"id":25243,"date":"2015-02-24T08:36:19","date_gmt":"2015-02-24T11:36:19","guid":{"rendered":"http:\/\/argentinamunicipal.com.ar\/argentina\/?p=25243"},"modified":"2015-02-24T08:36:19","modified_gmt":"2015-02-24T11:36:19","slug":"morteros-municipio-contratara-agencia-de-seguridad-para-ayudar-a-la-policia","status":"publish","type":"post","link":"http:\/\/argentinamunicipal.com.ar\/argentina\/morteros-municipio-contratara-agencia-de-seguridad-para-ayudar-a-la-policia\/","title":{"rendered":"Morteros: Municipio contratar\u00e1 agencia de seguridad para ayudar a la Polic\u00eda"},"content":{"rendered":"<div id=\"attachment_25244\" style=\"width: 510px\" class=\"wp-caption aligncenter\"><a href=\"http:\/\/argentinamunicipal.com.ar\/argentina\/wp-content\/uploads\/2015\/02\/1-Cba-Morterosmuni.jpg\"><img loading=\"lazy\" decoding=\"async\" aria-describedby=\"caption-attachment-25244\" class=\"size-full wp-image-25244\" src=\"http:\/\/argentinamunicipal.com.ar\/argentina\/wp-content\/uploads\/2015\/02\/1-Cba-Morterosmuni.jpg\" alt=\"La ciudad de Morteros fue escenario de muchos robos y hurtos en los \u00faltimos meses del a\u00f1o anterior.\" width=\"500\" height=\"374\" srcset=\"http:\/\/argentinamunicipal.com.ar\/argentina\/wp-content\/uploads\/2015\/02\/1-Cba-Morterosmuni.jpg 500w, http:\/\/argentinamunicipal.com.ar\/argentina\/wp-content\/uploads\/2015\/02\/1-Cba-Morterosmuni-300x224.jpg 300w\" sizes=\"auto, (max-width: 500px) 100vw, 500px\" \/><\/a><p id=\"caption-attachment-25244\" class=\"wp-caption-text\">La ciudad de Morteros fue escenario de muchos robos y hurtos en los \u00faltimos meses del a\u00f1o anterior.<\/p><\/div>\n<p>El Ejecutivo municipal incorpor\u00f3 18 agentes privados para que colaboren con la tarea preventiva, ya que la comisar\u00eda local carece de la cantidad de efectivos necesaria para patrullar la ciudad.<\/p>\n<p>Con la asunci\u00f3n del nuevo secretario de Gobierno se anunciaron algunas medidas tendientes a mejorar la seguridad ciudadana, entre las que se destaca la contrataci\u00f3n de una agencia de seguridad privada que a partir del pr\u00f3ximo fin de semana comenzar\u00e1 a colaborar con la Polic\u00eda en horario nocturno.<\/p>\n<p>Dieciocho agentes de seguridad privados patrullar\u00e1n la ciudad de Morteros en colaboraci\u00f3n con la Polic\u00eda Provincial.<\/p>\n<p>El intendente Horacio Pastore puso en funciones a Alberto Parola, quien tendr\u00e1 a su cargo la pol\u00edtica de seguridad del municipio. El flamante funcionario advirti\u00f3: \u201cEn seguridad no se hace magia\u201d, recalcando que: \u201cLa responsabilidad de la seguridad es netamente de la Polic\u00eda y la Municipalidad colabora\u201d.<\/p>\n<p>Adem\u00e1s de la incorporaci\u00f3n de 18 vigiladores privados que patrullar\u00e1n las calles y controlar\u00e1n objetivos espec\u00edficos como locales de diversi\u00f3n nocturna, se conoci\u00f3 que se avanzar\u00e1 en la instalaci\u00f3n de un sistema de c\u00e1maras de vigilancia que era reclamado desde hace tiempo por los habitantes de la ciudad.<\/p>\n<p>A fines del a\u00f1o pasado un grupo de vecinos autoconvocados de Morteros elabor\u00f3 un petitorio que fue avalado por 1.700 firmas y fue entregado a las autoridades municipales y provinciales. Entre las acciones exigidas por ese manifiesto se ped\u00eda la instalaci\u00f3n de c\u00e1maras de seguridad, el aumento de la dotaci\u00f3n de la comisar\u00eda local, combatir el narcotr\u00e1fico y la organizaci\u00f3n de una guardia civil que colabore con la Polic\u00eda en las tareas de vigilancia callejera.<br \/>\nTras prestar juramento, Parola indic\u00f3 que la Municipalidad contrat\u00f3 una agencia de seguridad que pondr\u00e1 en las calles de la ciudad personal especializado en la materia.<\/p>\n<p>De este modo, se materializar\u00e1 la reforma del Cuerpo de Vig\u00edas Urbanos que se hab\u00eda transformado en un apoyo para la tarea policial pero que en los \u00faltimos tiempos no estaba dando los resultados esperados.<\/p>\n<p>El funcionario expres\u00f3: \u201cSe contrat\u00f3 a una empresa de seguridad privada que tiene 18 personas especialidades en el tema\u201d. Este nuevo equipo de vigilancia funcionar\u00e1 entre las 21 y las 8, dejando as\u00ed para los Vig\u00edas Urbanos las dem\u00e1s tareas de control que se ejercen desde el municipio.<\/p>\n<p>Luego de quejarse por la dotaci\u00f3n reducida de la comisar\u00eda local y la falta de veh\u00edculos, el nuevo secretario de Gobierno advirti\u00f3 que los controles de alcoholemia a la salida de los boliches para evitar accidentes\u201d.<\/p>\n<p>A mediados de enero estuvieron en Morteros el ministro de Gobierno Walter Saieg y el jefe de la Polic\u00eda, comisario mayor Julio C\u00e9sar Su\u00e1rez, quienes prometieron el env\u00edo de m\u00e1s efectivos \u201ccuando termine el operativo verano\u201d.<\/p>\n<p>En referencia a otra de las medidas reclamadas por los vecinos el secretario de Gobierno adelant\u00f3 que se eval\u00faa la inversi\u00f3n que demandar\u00e1 la instalaci\u00f3n de c\u00e1maras en lugares estrat\u00e9gicos de la zona urbana y que ser\u00e1n una herramienta para la persecuci\u00f3n del delito.<\/p>\n<p>En los \u00faltimos tiempos hubo un aumento en la cantidad de delitos en la ciudad, con la particularidad de que los hechos se hicieron m\u00e1s violentos y con el uso de armas de fuego.<\/p>\n<h6>Fuente: La Ma\u00f1ana de C\u00f3rdoba<\/h6>\n","protected":false},"excerpt":{"rendered":"<p>El Ejecutivo municipal incorpor\u00f3 18 agentes privados para que colaboren con la tarea preventiva, ya que la comisar\u00eda local carece de la cantidad de efectivos necesaria para patrullar la ciudad. Con la asunci\u00f3n del nuevo secretario de Gobierno se anunciaron algunas medidas tendientes a mejorar la seguridad ciudadana, entre las que se destaca la contrataci\u00f3n<\/p>\n","protected":false},"author":2,"featured_media":25244,"comment_status":"closed","ping_status":"closed","sticky":false,"template":"","format":"standard","meta":{"footnotes":""},"categories":[49],"tags":[3],"class_list":["post-25243","post","type-post","status-publish","format-standard","has-post-thumbnail","hentry","category-seguridad","tag-cordoba"],"_links":{"self":[{"href":"http:\/\/argentinamunicipal.com.ar\/argentina\/wp-json\/wp\/v2\/posts\/25243","targetHints":{"allow":["GET"]}}],"collection":[{"href":"http:\/\/argentinamunicipal.com.ar\/argentina\/wp-json\/wp\/v2\/posts"}],"about":[{"href":"http:\/\/argentinamunicipal.com.ar\/argentina\/wp-json\/wp\/v2\/types\/post"}],"author":[{"embeddable":true,"href":"http:\/\/argentinamunicipal.com.ar\/argentina\/wp-json\/wp\/v2\/users\/2"}],"replies":[{"embeddable":true,"href":"http:\/\/argentinamunicipal.com.ar\/argentina\/wp-json\/wp\/v2\/comments?post=25243"}],"version-history":[{"count":0,"href":"http:\/\/argentinamunicipal.com.ar\/argentina\/wp-json\/wp\/v2\/posts\/25243\/revisions"}],"wp:featuredmedia":[{"embeddable":true,"href":"http:\/\/argentinamunicipal.com.ar\/argentina\/wp-json\/wp\/v2\/media\/25244"}],"wp:attachment":[{"href":"http:\/\/argentinamunicipal.com.ar\/argentina\/wp-json\/wp\/v2\/media?parent=25243"}],"wp:term":[{"taxonomy":"category","embeddable":true,"href":"http:\/\/argentinamunicipal.com.ar\/argentina\/wp-json\/wp\/v2\/categories?post=25243"},{"taxonomy":"post_tag","embeddable":true,"href":"http:\/\/argentinamunicipal.com.ar\/argentina\/wp-json\/wp\/v2\/tags?post=25243"}],"curies":[{"name":"wp","href":"https:\/\/api.w.org\/{rel}","templated":true}]}}