{"id":25246,"date":"2015-02-24T08:46:11","date_gmt":"2015-02-24T11:46:11","guid":{"rendered":"http:\/\/argentinamunicipal.com.ar\/argentina\/?p=25246"},"modified":"2015-02-24T08:46:11","modified_gmt":"2015-02-24T11:46:11","slug":"inauguran-una-fabrica-de-pellets-para-la-produccion-de-energia-en-concordia","status":"publish","type":"post","link":"http:\/\/argentinamunicipal.com.ar\/argentina\/inauguran-una-fabrica-de-pellets-para-la-produccion-de-energia-en-concordia\/","title":{"rendered":"Inauguran una f\u00e1brica de pellets para la producci\u00f3n de energ\u00eda en Concordia"},"content":{"rendered":"<div id=\"attachment_25247\" style=\"width: 650px\" class=\"wp-caption aligncenter\"><a href=\"http:\/\/argentinamunicipal.com.ar\/argentina\/wp-content\/uploads\/2015\/02\/o_1424746945.jpg\"><img loading=\"lazy\" decoding=\"async\" aria-describedby=\"caption-attachment-25247\" class=\"size-full wp-image-25247\" src=\"http:\/\/argentinamunicipal.com.ar\/argentina\/wp-content\/uploads\/2015\/02\/o_1424746945.jpg\" alt=\"Tras el acto de inauguraci\u00f3n, el gobernador recorri\u00f3 la planta junto a los empresarios.\" width=\"640\" height=\"360\" srcset=\"http:\/\/argentinamunicipal.com.ar\/argentina\/wp-content\/uploads\/2015\/02\/o_1424746945.jpg 640w, http:\/\/argentinamunicipal.com.ar\/argentina\/wp-content\/uploads\/2015\/02\/o_1424746945-300x169.jpg 300w\" sizes=\"auto, (max-width: 640px) 100vw, 640px\" \/><\/a><p id=\"caption-attachment-25247\" class=\"wp-caption-text\">Tras el acto de inauguraci\u00f3n, el gobernador recorri\u00f3 la planta junto a los empresarios.<\/p><\/div>\n<p>Acompa\u00f1ado por los propietarios de la empresa LARE SA, Claudio Mander y Marcelo Pap\u00fa, el gobernador Sergio Urribarri inaugur\u00f3 ayer en la ciudad de Concordia una f\u00e1brica de pellets de madera.<\/p>\n<p>El producto es elaborado mediante la compresi\u00f3n de aserr\u00edn, proveniente de aserraderos de la regi\u00f3n, y servir\u00e1 para la generaci\u00f3n de energ\u00eda alternativa que tiene un costo de hasta un 40 por ciento menor que la tradicional. La planta, ubicada en el parque industrial concordiense, es la primera del pa\u00eds que producir\u00e1 a gran escala con un promedio de 75.000 toneladas anuales.<\/p>\n<p>Durante un acto Urribarri inform\u00f3 que la presidenta Cristina Fern\u00e1ndez de Kirchner realizar\u00e1 en los pr\u00f3ximos d\u00edas una videoconferencia con los empresarios responsables de este proyecto de ecogeneraci\u00f3n de energ\u00eda para que expliquen al pa\u00eds lo que se est\u00e1 haciendo en Entre R\u00edos.<\/p>\n<p>El mandatario resalt\u00f3 que \u201cConcordia y la regi\u00f3n tienen un potencial enorme, no s\u00f3lo en el tema de pellets de madera sino tambi\u00e9n en otros tipos de desechos que nos pondr\u00e1n en un lugar de excepci\u00f3n si seguimos en este camino, para que la energ\u00eda alternativa sea un complemento de lo que hoy es la Argentina en materia de hidrocarburos a partir de la estatizaci\u00f3n de YPF\u201d.<\/p>\n<p>Por su parte, el presidente de LARE, Claudio Mander, apunt\u00f3 que Entre R\u00edos \u201cest\u00e1 ubicada en una posici\u00f3n central\u201d, respecto a las dem\u00e1s provincias y de Uruguay y de Brasil, y que \u201ctiene un enorme potencial en producci\u00f3n de energ\u00eda a partir de biomasa y del biog\u00e1s\u201d.<\/p>\n<p>Por \u00faltimo, se inform\u00f3 que un grupo de empresas conformar\u00e1 un centro tecnol\u00f3gico de la costa del r\u00edo Uruguay orientado a la investigaci\u00f3n y prestaci\u00f3n de servicios de asesoramiento de eficiencia energ\u00e9tica para las empresas de la zona.<\/p>\n<p><strong>PARA DESTACAR<\/strong><br \/>\nLa empresa LARE se dedica a la fabricaci\u00f3n de pellets de madera (aserr\u00edn comprimido), que ser\u00e1 utilizado para la producci\u00f3n de energ\u00eda renovable. La planta demand\u00f3 una inversi\u00f3n de 150 millones de pesos, tendr\u00e1 una producci\u00f3n de 75.000 toneladas anuales y emplear\u00e1 a m\u00e1s de 20 personas en forma directa. El producto servir\u00e1 para generar energ\u00eda renovable, fundamentalmente, en calderas, reemplazando la electricidad o el gas, d\u00e1ndole valor a un desecho como el aserr\u00edn. La materia prima procede de aserraderos ubicados en un radio de 80 km.<\/p>\n<h6>Fuente: El Diario, Entre R\u00edos<\/h6>\n","protected":false},"excerpt":{"rendered":"<p>Acompa\u00f1ado por los propietarios de la empresa LARE SA, Claudio Mander y Marcelo Pap\u00fa, el gobernador Sergio Urribarri inaugur\u00f3 ayer en la ciudad de Concordia una f\u00e1brica de pellets de madera. El producto es elaborado mediante la compresi\u00f3n de aserr\u00edn, proveniente de aserraderos de la regi\u00f3n, y servir\u00e1 para la generaci\u00f3n de energ\u00eda alternativa que<\/p>\n","protected":false},"author":2,"featured_media":25247,"comment_status":"closed","ping_status":"closed","sticky":false,"template":"","format":"standard","meta":{"footnotes":""},"categories":[2],"tags":[17],"class_list":["post-25246","post","type-post","status-publish","format-standard","has-post-thumbnail","hentry","category-informe-municipal","tag-entre-rios"],"_links":{"self":[{"href":"http:\/\/argentinamunicipal.com.ar\/argentina\/wp-json\/wp\/v2\/posts\/25246","targetHints":{"allow":["GET"]}}],"collection":[{"href":"http:\/\/argentinamunicipal.com.ar\/argentina\/wp-json\/wp\/v2\/posts"}],"about":[{"href":"http:\/\/argentinamunicipal.com.ar\/argentina\/wp-json\/wp\/v2\/types\/post"}],"author":[{"embeddable":true,"href":"http:\/\/argentinamunicipal.com.ar\/argentina\/wp-json\/wp\/v2\/users\/2"}],"replies":[{"embeddable":true,"href":"http:\/\/argentinamunicipal.com.ar\/argentina\/wp-json\/wp\/v2\/comments?post=25246"}],"version-history":[{"count":0,"href":"http:\/\/argentinamunicipal.com.ar\/argentina\/wp-json\/wp\/v2\/posts\/25246\/revisions"}],"wp:featuredmedia":[{"embeddable":true,"href":"http:\/\/argentinamunicipal.com.ar\/argentina\/wp-json\/wp\/v2\/media\/25247"}],"wp:attachment":[{"href":"http:\/\/argentinamunicipal.com.ar\/argentina\/wp-json\/wp\/v2\/media?parent=25246"}],"wp:term":[{"taxonomy":"category","embeddable":true,"href":"http:\/\/argentinamunicipal.com.ar\/argentina\/wp-json\/wp\/v2\/categories?post=25246"},{"taxonomy":"post_tag","embeddable":true,"href":"http:\/\/argentinamunicipal.com.ar\/argentina\/wp-json\/wp\/v2\/tags?post=25246"}],"curies":[{"name":"wp","href":"https:\/\/api.w.org\/{rel}","templated":true}]}}