{"id":25249,"date":"2015-02-24T08:48:52","date_gmt":"2015-02-24T11:48:52","guid":{"rendered":"http:\/\/argentinamunicipal.com.ar\/argentina\/?p=25249"},"modified":"2015-02-24T08:48:52","modified_gmt":"2015-02-24T11:48:52","slug":"licitan-obra-para-la-conexion-de-gas-natural-para-mas-de-860-familias-de-santa-fe","status":"publish","type":"post","link":"http:\/\/argentinamunicipal.com.ar\/argentina\/licitan-obra-para-la-conexion-de-gas-natural-para-mas-de-860-familias-de-santa-fe\/","title":{"rendered":"Licitan obra para la conexi\u00f3n de gas natural para m\u00e1s de 860 familias de Santa Fe"},"content":{"rendered":"<p><a href=\"http:\/\/argentinamunicipal.com.ar\/argentina\/wp-content\/uploads\/2015\/02\/74322_santo-tome.jpg\"><img loading=\"lazy\" decoding=\"async\" class=\"alignright size-full wp-image-25250\" src=\"http:\/\/argentinamunicipal.com.ar\/argentina\/wp-content\/uploads\/2015\/02\/74322_santo-tome.jpg\" alt=\"74322_santo-tome\" width=\"544\" height=\"293\" srcset=\"http:\/\/argentinamunicipal.com.ar\/argentina\/wp-content\/uploads\/2015\/02\/74322_santo-tome.jpg 544w, http:\/\/argentinamunicipal.com.ar\/argentina\/wp-content\/uploads\/2015\/02\/74322_santo-tome-300x162.jpg 300w\" sizes=\"auto, (max-width: 544px) 100vw, 544px\" \/><\/a>El intendente Jos\u00e9 Corral encabezar\u00e1 la apertura de sobres de la licitaci\u00f3n p\u00fablica que tiene un presupuesto de $ 7.6 millones. Los trabajos se realizar\u00e1n por Contribuci\u00f3n de Mejoras.<\/p>\n<p>El intendente Jos\u00e9 Corral presidir\u00e1 este martes a las 9 el acto de apertura de sobres de la licitaci\u00f3n p\u00fablica que tiene como objetivo la realizaci\u00f3n de la obra de gas natural para brindar el servicio a 864 familias de barrio Liceo Norte.<\/p>\n<p>La actividad se desarrollar\u00e1 en la sede de Bomberos Voluntarios de Las Flores (avenida Blas Parera intersecci\u00f3n Callej\u00f3n Aguirre).<\/p>\n<p>Con un presupuesto oficial de $ 7.6 millones, los trabajos se realizar\u00e1n por Contribuci\u00f3n de Mejoras: el 15 % de los fondos ser\u00e1n aportados por el Gobierno de la Ciudad, que afrontar\u00e1 tambi\u00e9n la parte correspondiente a los inmuebles de titularidad del Estado Nacional y aquellos que le son propios; y el 85 % restante ser\u00e1 prorrateado entre los beneficiarios.<\/p>\n<p>Vale recordar que, gracias a la coordinaci\u00f3n e impulso del Municipio, se retomaron en la ciudad las obras de expansi\u00f3n de la red de gas natural, que estaban detenidas desde 1992. En ese marco, tanto en 2013 como el a\u00f1o pasado se inauguraron obras en barrio Los Angeles, en la jurisdicci\u00f3n de la Vecinal 21 de Octubre.<\/p>\n<h6>Fuente: Sin Mordaza<\/h6>\n","protected":false},"excerpt":{"rendered":"<p>El intendente Jos\u00e9 Corral encabezar\u00e1 la apertura de sobres de la licitaci\u00f3n p\u00fablica que tiene un presupuesto de $ 7.6 millones. Los trabajos se realizar\u00e1n por Contribuci\u00f3n de Mejoras. El intendente Jos\u00e9 Corral presidir\u00e1 este martes a las 9 el acto de apertura de sobres de la licitaci\u00f3n p\u00fablica que tiene como objetivo la realizaci\u00f3n<\/p>\n","protected":false},"author":2,"featured_media":25250,"comment_status":"closed","ping_status":"closed","sticky":false,"template":"","format":"standard","meta":{"footnotes":""},"categories":[2],"tags":[10],"class_list":["post-25249","post","type-post","status-publish","format-standard","has-post-thumbnail","hentry","category-informe-municipal","tag-santa-fe"],"_links":{"self":[{"href":"http:\/\/argentinamunicipal.com.ar\/argentina\/wp-json\/wp\/v2\/posts\/25249","targetHints":{"allow":["GET"]}}],"collection":[{"href":"http:\/\/argentinamunicipal.com.ar\/argentina\/wp-json\/wp\/v2\/posts"}],"about":[{"href":"http:\/\/argentinamunicipal.com.ar\/argentina\/wp-json\/wp\/v2\/types\/post"}],"author":[{"embeddable":true,"href":"http:\/\/argentinamunicipal.com.ar\/argentina\/wp-json\/wp\/v2\/users\/2"}],"replies":[{"embeddable":true,"href":"http:\/\/argentinamunicipal.com.ar\/argentina\/wp-json\/wp\/v2\/comments?post=25249"}],"version-history":[{"count":0,"href":"http:\/\/argentinamunicipal.com.ar\/argentina\/wp-json\/wp\/v2\/posts\/25249\/revisions"}],"wp:featuredmedia":[{"embeddable":true,"href":"http:\/\/argentinamunicipal.com.ar\/argentina\/wp-json\/wp\/v2\/media\/25250"}],"wp:attachment":[{"href":"http:\/\/argentinamunicipal.com.ar\/argentina\/wp-json\/wp\/v2\/media?parent=25249"}],"wp:term":[{"taxonomy":"category","embeddable":true,"href":"http:\/\/argentinamunicipal.com.ar\/argentina\/wp-json\/wp\/v2\/categories?post=25249"},{"taxonomy":"post_tag","embeddable":true,"href":"http:\/\/argentinamunicipal.com.ar\/argentina\/wp-json\/wp\/v2\/tags?post=25249"}],"curies":[{"name":"wp","href":"https:\/\/api.w.org\/{rel}","templated":true}]}}