{"id":25258,"date":"2015-02-24T08:58:25","date_gmt":"2015-02-24T11:58:25","guid":{"rendered":"http:\/\/argentinamunicipal.com.ar\/argentina\/?p=25258"},"modified":"2015-02-24T08:58:25","modified_gmt":"2015-02-24T11:58:25","slug":"municipales-de-victoria-se-reunen-el-miercoles-con-el-ejecutivo-por-pases-a-planta","status":"publish","type":"post","link":"http:\/\/argentinamunicipal.com.ar\/argentina\/municipales-de-victoria-se-reunen-el-miercoles-con-el-ejecutivo-por-pases-a-planta\/","title":{"rendered":"Municipales de Victoria se re\u00fanen el mi\u00e9rcoles con el Ejecutivo por pases a planta"},"content":{"rendered":"<p><a href=\"http:\/\/argentinamunicipal.com.ar\/argentina\/wp-content\/uploads\/2015\/02\/apfdigital_247706_tapa_2322015_1371.jpg\"><img loading=\"lazy\" decoding=\"async\" class=\"aligncenter size-full wp-image-25259\" src=\"http:\/\/argentinamunicipal.com.ar\/argentina\/wp-content\/uploads\/2015\/02\/apfdigital_247706_tapa_2322015_1371.jpg\" alt=\"apfdigital_247706_tapa_2322015_1371\" width=\"671\" height=\"450\" srcset=\"http:\/\/argentinamunicipal.com.ar\/argentina\/wp-content\/uploads\/2015\/02\/apfdigital_247706_tapa_2322015_1371.jpg 671w, http:\/\/argentinamunicipal.com.ar\/argentina\/wp-content\/uploads\/2015\/02\/apfdigital_247706_tapa_2322015_1371-300x201.jpg 300w\" sizes=\"auto, (max-width: 671px) 100vw, 671px\" \/><\/a><\/p>\n<p>El mi\u00e9rcoles a las 11:30, los trabajadores municipales volver\u00e1n a reunirse con el intendente, Dar\u00edo Garcilazo, para avanzar en las negociaciones por pases a planta de personal \u2022 El vocal del Sindicato de Obreros y Empleados Municipales de Victoria Entre R\u00edos (Soemver), Rutilio Aquino, dijo a APFDigital, que la discusi\u00f3n se centrar\u00e1 en la cantidad de nombramientos<\/p>\n<p>Los municipales ya hab\u00eda acordado con el Ejecutivo un incremento salarial para 2015, del 33,2 por ciento, a pagar en dos tramos, un 20 por ciento el 1\u00ba de marzo, y un 11 por ciento el 1\u00ba de julio.<\/p>\n<p>Ahora, resta el acuerdo por nombramientos, recategorizaciones, y reordenamiento de personal.<\/p>\n<p>Seg\u00fan precis\u00f3 el gremialista, la pr\u00f3xima reuni\u00f3n tendr\u00e1 lugar el mi\u00e9rcoles a las 11:30. La mayor\u00eda de los puntos \u201cest\u00e1n avanzados\u201d, dijo en referencia a recategorizaciones, ordenamientos, y llamados a concursos. La discusi\u00f3n se centrar\u00e1 b\u00e1sicamente en los pases a planta, m\u00e1s concretamente \u201cen las cantidades\u201d. \u201cNosotros estamos pidiendo un n\u00famero y \u00e9l nos ofrece un poco menos, pero es una decisi\u00f3n pol\u00edtica\u201d, sostuvo Aquino.<\/p>\n<h6>Fuente: APF Digital<\/h6>\n","protected":false},"excerpt":{"rendered":"<p>El mi\u00e9rcoles a las 11:30, los trabajadores municipales volver\u00e1n a reunirse con el intendente, Dar\u00edo Garcilazo, para avanzar en las negociaciones por pases a planta de personal \u2022 El vocal del Sindicato de Obreros y Empleados Municipales de Victoria Entre R\u00edos (Soemver), Rutilio Aquino, dijo a APFDigital, que la discusi\u00f3n se centrar\u00e1 en la cantidad<\/p>\n","protected":false},"author":2,"featured_media":25259,"comment_status":"closed","ping_status":"closed","sticky":false,"template":"","format":"standard","meta":{"footnotes":""},"categories":[7],"tags":[17],"class_list":["post-25258","post","type-post","status-publish","format-standard","has-post-thumbnail","hentry","category-informe-sindical","tag-entre-rios"],"_links":{"self":[{"href":"http:\/\/argentinamunicipal.com.ar\/argentina\/wp-json\/wp\/v2\/posts\/25258","targetHints":{"allow":["GET"]}}],"collection":[{"href":"http:\/\/argentinamunicipal.com.ar\/argentina\/wp-json\/wp\/v2\/posts"}],"about":[{"href":"http:\/\/argentinamunicipal.com.ar\/argentina\/wp-json\/wp\/v2\/types\/post"}],"author":[{"embeddable":true,"href":"http:\/\/argentinamunicipal.com.ar\/argentina\/wp-json\/wp\/v2\/users\/2"}],"replies":[{"embeddable":true,"href":"http:\/\/argentinamunicipal.com.ar\/argentina\/wp-json\/wp\/v2\/comments?post=25258"}],"version-history":[{"count":0,"href":"http:\/\/argentinamunicipal.com.ar\/argentina\/wp-json\/wp\/v2\/posts\/25258\/revisions"}],"wp:featuredmedia":[{"embeddable":true,"href":"http:\/\/argentinamunicipal.com.ar\/argentina\/wp-json\/wp\/v2\/media\/25259"}],"wp:attachment":[{"href":"http:\/\/argentinamunicipal.com.ar\/argentina\/wp-json\/wp\/v2\/media?parent=25258"}],"wp:term":[{"taxonomy":"category","embeddable":true,"href":"http:\/\/argentinamunicipal.com.ar\/argentina\/wp-json\/wp\/v2\/categories?post=25258"},{"taxonomy":"post_tag","embeddable":true,"href":"http:\/\/argentinamunicipal.com.ar\/argentina\/wp-json\/wp\/v2\/tags?post=25258"}],"curies":[{"name":"wp","href":"https:\/\/api.w.org\/{rel}","templated":true}]}}