{"id":25261,"date":"2015-02-24T09:06:23","date_gmt":"2015-02-24T12:06:23","guid":{"rendered":"http:\/\/argentinamunicipal.com.ar\/argentina\/?p=25261"},"modified":"2015-02-24T09:06:23","modified_gmt":"2015-02-24T12:06:23","slug":"comenzara-a-construirse-la-planta-de-biomasa-forestal-en-villa-guillermina","status":"publish","type":"post","link":"http:\/\/argentinamunicipal.com.ar\/argentina\/comenzara-a-construirse-la-planta-de-biomasa-forestal-en-villa-guillermina\/","title":{"rendered":"Comenzar\u00e1 a construirse la planta de biomasa forestal en Villa Guillermina"},"content":{"rendered":"<p><a href=\"http:\/\/argentinamunicipal.com.ar\/argentina\/wp-content\/uploads\/2015\/02\/planta-biomasa-forestal-villa-guillermina-maqueta-533x400.jpg\"><img loading=\"lazy\" decoding=\"async\" class=\"aligncenter size-full wp-image-25262\" src=\"http:\/\/argentinamunicipal.com.ar\/argentina\/wp-content\/uploads\/2015\/02\/planta-biomasa-forestal-villa-guillermina-maqueta-533x400.jpg\" alt=\"planta-biomasa-forestal-villa-guillermina-maqueta-533x400\" width=\"533\" height=\"400\" srcset=\"http:\/\/argentinamunicipal.com.ar\/argentina\/wp-content\/uploads\/2015\/02\/planta-biomasa-forestal-villa-guillermina-maqueta-533x400.jpg 533w, http:\/\/argentinamunicipal.com.ar\/argentina\/wp-content\/uploads\/2015\/02\/planta-biomasa-forestal-villa-guillermina-maqueta-533x400-300x225.jpg 300w\" sizes=\"auto, (max-width: 533px) 100vw, 533px\" \/><\/a><br \/>\nLo asegur\u00f3 el presidente comunal Roque Ch\u00e1vez al regreso de su viaje por el gigante asi\u00e1tico. Ya est\u00e1 elegido el predio de 16 hect\u00e1reas que albergar\u00e1 las instalaciones y se conocieron detalles del dise\u00f1o de la estructura que tendr\u00e1 un costo aproximado a los 50 millones de d\u00f3lares.<\/p>\n<p>Sobre finales de a\u00f1o era una posibilidad, muy avanzada, pero posibilidad al fin. Lo novedad es que durante su viaje por China, el jefe comunal de Villa Guillermina, Roque Ch\u00e1vez, recibi\u00f3 la confirmaci\u00f3n de la fecha del inicio de obras de la planta generadora de energ\u00eda a trav\u00e9s de biomasa forestal, que aportar\u00e1 15 MW al sistema interconectado nacional y que ser\u00e1 financiada por una empresa l\u00edder en el dise\u00f1o y explotaci\u00f3n de usinas el\u00e9ctricas.<\/p>\n<p>Una iniciativa que reactiva el procesamiento de la madera del monte local, como en su momento los hizo La Forestal, pero esta vez con un criterio sustentable.<\/p>\n<p>\u00abEstamos muy contentos. De Asia nos atrajimos la certeza sobre el comienzo de la construcci\u00f3n del complejo, previsto para agosto o septiembre\u00bb, le dijo entusiasmado Ch\u00e1vez a Mirador Provincial. El dato sali\u00f3 desde el despacho de Sean Guo, el presidente de Runh Power, la compa\u00f1\u00eda energ\u00e9tica que costear\u00e1 la inversi\u00f3n que alcanza los 50 millones de d\u00f3lares. El ejecutivo visit\u00f3 en diciembre el departamento General Obligado y recibi\u00f3 en enero al presidente comunal que trajo la buena nueva a su regreso.<\/p>\n<h3>Manos a la obra<\/h3>\n<p>El dise\u00f1o ya est\u00e1 listo y es m\u00e1s: ya est\u00e1n disponibles las im\u00e1genes computarizadas a las que accedi\u00f3 Mirador Provincial. Las mismas muestran c\u00f3mo quedar\u00e1 la planta sobre el terreno elegido en cercan\u00edas de Villa Guillermina.<\/p>\n<p>\u00abSe trata de un lote de 16 hect\u00e1reas que ya fue adquirido y est\u00e1 emplazado en el acceso al pueblo. La arquitectura responde a la l\u00f3gica de este tipo de emprendimientos pero intenta generar un paisaje amigable con el entorno\u00bb, explic\u00f3 Ch\u00e1vez. El contrato que se firm\u00f3 hace algunas semanas pauta un plazo de ejecuci\u00f3n de los trabajos que va de los 18 a los 20 meses: \u00abpara fines de 2016 o principios de 2017 las instalaciones tienen que estar finalizadas\u00bb.<\/p>\n<p>El espacio combinar\u00e1 un sector para el acopio de la materia prima, b\u00e1sicamente el residuo forestal que ser\u00e1 utilizado en la combusti\u00f3n, un moderno centro de control digitalizado y la usina propiamente dicha. \u00abGenerar\u00e1 en principio 15 MW que ser\u00e1n inmediatamente suministrados al Sistema Interconectado Nacional. No obstante los habitantes de esta zona en el extremo norte de Santa Fe, dejaremos de estar sometidos a los cortes fortuitos de luz propios de encontrarnos en uno de los extremos de la red de provisi\u00f3n de la Empresa Provincial de la Energ\u00eda\u00bb, sum\u00f3.<\/p>\n<p>\u00abSe van a procesar miles de toneladas de madera al a\u00f1o y abrir\u00e1 unas 200 fuentes de empleo directo, al menos ese es el n\u00famero que la compa\u00f1\u00eda china nos comparti\u00f3 entre el personal que se necesitar\u00e1 para la extracci\u00f3n, forestaci\u00f3n y generaci\u00f3n\u00bb, referenci\u00f3 el hombre que desde 2012 est\u00e1 al frente de la comuna de Villa Guillermina. El pueblo en el que hoy viven 2.800 habitantes, supo tener 20.000, cuando los ingleses de La Forestal operaban en la zona extrayendo el tanino del monte aut\u00f3ctono. Cuando la empresa parti\u00f3 prim\u00f3 la desolaci\u00f3n en una amplia zona, desde San Justo hasta Florencia. Las localidades sufrieron un \u00e9xodo incontenible y el esquema productivo se trastoc\u00f3, con instalaciones forestales y portuarias abandonadas. El desembolso chino no solo reactiva a gran escala la utilizaci\u00f3n de un recurso fundamental, sino que aporta esperanza a una regi\u00f3n que tuvo que ingeni\u00e1rselas para seguir adelante cuando su principal industria emprendi\u00f3 la retirada.<\/p>\n<h3>La pata inversora<\/h3>\n<p>El proyecto existi\u00f3 antes del contacto con los asi\u00e1ticos. En realidad es una acci\u00f3n coordinada desde 2012 entre el hombre al frente de la comuna que por entonces reci\u00e9n asum\u00eda y funcionarios de Naci\u00f3n. En la viabilidad trabaj\u00f3 el Instituto Nacional de Tecnolog\u00eda Agropecuaria (INTA) y tuvieron un rol preponderante los contactos aportados por la secretaria de Integraci\u00f3n Nacional, Mar\u00eda del Carmen Alarc\u00f3n. La funcionaria enterada de la necesaria inversi\u00f3n privada para concretar la obra fue quien convenci\u00f3 a los chinos de Runh Power para financiar la iniciativa.<\/p>\n<p>\u00abLa empresa oriental se encargar\u00e1 de todo. Sabemos que ellos aportan los 50 millones de d\u00f3lares, el dise\u00f1o y la maquinaria. As\u00ed se aseguran el fomento de la producci\u00f3n de bienes de capital de origen chino, y como son los productores de energ\u00eda m\u00e1s grandes de su pa\u00eds y generan excedentes, invierten esos billetes en proyectos extra zona que creen aportar\u00e1n a\u00fan m\u00e1s rentabilidad\u00bb, puntualiz\u00f3 Ch\u00e1vez sobre la voluntad que demostr\u00f3 la firma para desembarcar en territorio santafesino.<\/p>\n<p>Lo que sigue ahora es la contrataci\u00f3n de las empresas argentinas que completan la estrategia. \u00abEs que Runh Power no ser\u00e1 quien construya el complejo de biomasa forestal, ni siquiera lo va a explotar. Ambas tareas se las encargar\u00e1n a empresarios de nuestro pa\u00eds que los chinos est\u00e1n seleccionando. Ellos definir\u00e1n quienes ser\u00e1n los aliados locales\u00bb, sostuvo la m\u00e1xima autoridad de Villa Guillermina.<\/p>\n<p>Los asi\u00e1ticos ir\u00e1n recuperando el desembolso una vez que los motores se pongan en marcha. \u00abTienen rentabilidad asegurada si consideramos que el costo de producir electricidad mediante la biomasa forestal es cuatro veces m\u00e1s barato que lo que insume una planta generadora a fuel oil. Para ellos representa un gran negocio, y a nosotros nos aporta progreso y empleo con un impacto medioambiental m\u00ednimo\u00bb, valor\u00f3 Ch\u00e1vez.<\/p>\n<p><strong>ESQUEMA SUSTENTABLE<\/strong><\/p>\n<p>El modelo productivo a desarrollar una vez que se corten las cintas merece una rese\u00f1a. \u00abLa utilizaci\u00f3n del monte nativo es escaso para el emprendimiento. En los primeros 6 o 7 a\u00f1os de operaciones s\u00f3lo un 10% de la madera empleada ser\u00e1 procedente de los bosques aut\u00f3ctonos. El otro 90% llegar\u00e1 desde cuencas forestales creadas especialmente para el procesamiento de la madera ubicadas fundamentalmente en la provincia de Corrientes\u00bb, mencion\u00f3 el presidente de comuna, y agreg\u00f3: \u00abmientras tanto se ir\u00e1 forestando en el departamento General<\/p>\n<p>Obligado para pasado poco m\u00e1s de un lustro, contar con bosques energ\u00e9ticos propios que se usar\u00e1n estrictamente para alimentar la planta\u00bb.<\/p>\n<p>El esquema intenta evitar la depredaci\u00f3n de un ecosistema que en tiempo de extracci\u00f3n del tanino sufri\u00f3 de un exterminio considerable, con consecuencias negativas para la explotaci\u00f3n productiva posterior. \u00abLos chinos est\u00e1n impactados con el potencial de combusti\u00f3n de la madera. Ellos tienen plantas de biomasa, pero mediante la quema de residuos, que representan dos mil calor\u00edas en combusti\u00f3n. Nuestros \u00e1rboles posibilitan el doble de las calor\u00edas, y vaya que tenemos cientos de especies en el norte santafesino\u00bb, menciona Ch\u00e1vez.<\/p>\n<p><strong>M\u00c1S PLANTAS ENERG\u00c9TICAS<\/strong><\/p>\n<p>Seg\u00fan un c\u00e1lculo del intendente de Villa Guillermina, Roque Ch\u00e1vez, se podr\u00edan montar en la provincia de Santa Fe otras cinco usinas como la que se instalar\u00e1 en Villa Guillermina. \u00abHoy se utilizan con fines econ\u00f3micos solo doce mil toneladas de madera anuales, cuando tenemos una capacidad total de 700 mil en un mill\u00f3n 100 mil hect\u00e1reas de monte\u00bb, finaliz\u00f3.<\/p>\n<h6>Fuente: Sin Mordaza<\/h6>\n","protected":false},"excerpt":{"rendered":"<p>Lo asegur\u00f3 el presidente comunal Roque Ch\u00e1vez al regreso de su viaje por el gigante asi\u00e1tico. Ya est\u00e1 elegido el predio de 16 hect\u00e1reas que albergar\u00e1 las instalaciones y se conocieron detalles del dise\u00f1o de la estructura que tendr\u00e1 un costo aproximado a los 50 millones de d\u00f3lares. Sobre finales de a\u00f1o era una posibilidad,<\/p>\n","protected":false},"author":2,"featured_media":25262,"comment_status":"closed","ping_status":"closed","sticky":false,"template":"","format":"standard","meta":{"footnotes":""},"categories":[2],"tags":[10],"class_list":["post-25261","post","type-post","status-publish","format-standard","has-post-thumbnail","hentry","category-informe-municipal","tag-santa-fe"],"_links":{"self":[{"href":"http:\/\/argentinamunicipal.com.ar\/argentina\/wp-json\/wp\/v2\/posts\/25261","targetHints":{"allow":["GET"]}}],"collection":[{"href":"http:\/\/argentinamunicipal.com.ar\/argentina\/wp-json\/wp\/v2\/posts"}],"about":[{"href":"http:\/\/argentinamunicipal.com.ar\/argentina\/wp-json\/wp\/v2\/types\/post"}],"author":[{"embeddable":true,"href":"http:\/\/argentinamunicipal.com.ar\/argentina\/wp-json\/wp\/v2\/users\/2"}],"replies":[{"embeddable":true,"href":"http:\/\/argentinamunicipal.com.ar\/argentina\/wp-json\/wp\/v2\/comments?post=25261"}],"version-history":[{"count":0,"href":"http:\/\/argentinamunicipal.com.ar\/argentina\/wp-json\/wp\/v2\/posts\/25261\/revisions"}],"wp:featuredmedia":[{"embeddable":true,"href":"http:\/\/argentinamunicipal.com.ar\/argentina\/wp-json\/wp\/v2\/media\/25262"}],"wp:attachment":[{"href":"http:\/\/argentinamunicipal.com.ar\/argentina\/wp-json\/wp\/v2\/media?parent=25261"}],"wp:term":[{"taxonomy":"category","embeddable":true,"href":"http:\/\/argentinamunicipal.com.ar\/argentina\/wp-json\/wp\/v2\/categories?post=25261"},{"taxonomy":"post_tag","embeddable":true,"href":"http:\/\/argentinamunicipal.com.ar\/argentina\/wp-json\/wp\/v2\/tags?post=25261"}],"curies":[{"name":"wp","href":"https:\/\/api.w.org\/{rel}","templated":true}]}}