{"id":25273,"date":"2015-02-25T06:19:25","date_gmt":"2015-02-25T09:19:25","guid":{"rendered":"http:\/\/argentinamunicipal.com.ar\/argentina\/?p=25273"},"modified":"2015-02-24T10:53:07","modified_gmt":"2015-02-24T13:53:07","slug":"parana-disponen-nuevas-modalidades-para-la-recoleccion-y-el-tratamiento-de-residuos","status":"publish","type":"post","link":"http:\/\/argentinamunicipal.com.ar\/argentina\/parana-disponen-nuevas-modalidades-para-la-recoleccion-y-el-tratamiento-de-residuos\/","title":{"rendered":"Paran\u00e1: Disponen nuevas modalidades para la recolecci\u00f3n y el tratamiento de residuos"},"content":{"rendered":"<p><a href=\"http:\/\/argentinamunicipal.com.ar\/argentina\/wp-content\/uploads\/2015\/02\/e_1424772946.jpg\"><img loading=\"lazy\" decoding=\"async\" class=\"alignright size-full wp-image-25274\" src=\"http:\/\/argentinamunicipal.com.ar\/argentina\/wp-content\/uploads\/2015\/02\/e_1424772946.jpg\" alt=\"e_1424772946\" width=\"432\" height=\"324\" srcset=\"http:\/\/argentinamunicipal.com.ar\/argentina\/wp-content\/uploads\/2015\/02\/e_1424772946.jpg 432w, http:\/\/argentinamunicipal.com.ar\/argentina\/wp-content\/uploads\/2015\/02\/e_1424772946-300x225.jpg 300w\" sizes=\"auto, (max-width: 432px) 100vw, 432px\" \/><\/a>Los residuos de papel y cart\u00f3n generados a escala ser\u00e1n trasladados en forma diferenciada a la planta de clasificaci\u00f3n. La otra modalidad es para el traslado y procesado de los residuos verdes originados por la poda en Paran\u00e1.<\/p>\n<p>La Municipalidad de Paran\u00e1 lanz\u00f3 el Programa de Generadores Especiales, que tiene como principal objetivo promover un adecuado y responsable manejo de los residuos, con la implementaci\u00f3n de dos nuevas iniciativas que se enmarcan en la pol\u00edtica de Gesti\u00f3n Integral de Residuos S\u00f3lidos Urbanos.<\/p>\n<p>Uno de los planes busca promover la recuperaci\u00f3n de papel y cart\u00f3n en organismos p\u00fablicos para su posterior aprovechamiento en la planta de clasificaci\u00f3n de residuos, donde trabajan los integrantes de la cooperativa Nueva Vida, lo que adem\u00e1s permite reducir el volumen de material reciclable que llega a disposici\u00f3n final.<\/p>\n<p>Por otro lado se establece un ordenamiento de residuos verdes, que surgen de las podas en predios privados. Estos deber\u00e1n deben depositarse en la vereda correspondiente al domicilio del vecino generador, previo aviso al Servicio de Atenci\u00f3n al Vecino (llamando al n\u00famero 147) para su recolecci\u00f3n y trasladado al Vivero Municipal donde ser\u00e1n tratados con metodolog\u00edas de chipeado y compostaje.<\/p>\n<p>\u201cCon esto se concretan nuevos hechos significativos en el abordaje integral del problema de los residuos en la ciudad, abriendo una nueva etapa que se inici\u00f3 con la inauguraci\u00f3n de la planta de clasificaci\u00f3n y tratamiento, ubicada en la zona del Volcadero, y que contin\u00faa hacia la separaci\u00f3n en origen de los residuos domiciliarios\u201d, indic\u00f3 la intendenta Blanca Osuna.<\/p>\n<p>La secretaria de Medio Ambiente, Juliana Robledo, explic\u00f3 que los establecimientos comerciales, industriales, institucionales o asistenciales suelen generar en grandes cantidades residuos, asimilables a los domiciliarios, cuya adecuada gesti\u00f3n puede permitir la recuperaci\u00f3n, agregado de valor y reducci\u00f3n en la disposici\u00f3n final, por lo cual la Municipalidad dispuso mediante decreto una regulaci\u00f3n especial para este tipo de generadores.<\/p>\n<p>En este marco se comenz\u00f3 con la recolecci\u00f3n diferenciada en organismos p\u00fablicos municipales, cuyo proceso de promoci\u00f3n y sensibilizaci\u00f3n sobre la separaci\u00f3n en origen est\u00e1 en curso. Tras ello se trabajar\u00e1 con establecimientos privados del microcentro.<\/p>\n<p>Todos los residuos reciclables, fundamentalmente papel y cart\u00f3n, ser\u00e1n llevados a la planta municipal de clasificaci\u00f3n de residuos.<\/p>\n<p>En esta primera etapa, los edificios p\u00fablicos municipales comprometidos a separar residuos de papel y cart\u00f3n para su posterior tratamiento son el Palacio Municipal, el edificio de 5 Esquinas, la Direcci\u00f3n de Habilitaci\u00f3n de Registro de Conducir, AFIM y Catastro, a lo que se suma el Instituto Aut\u00e1rquico Provincial del Seguro de Entre R\u00edos.<\/p>\n<p>Con la norma se dispone la implementaci\u00f3n de un servicio de recolecci\u00f3n diferencial al domiciliario, con cronograma de recolecci\u00f3n que se fij\u00f3 para los d\u00edas lunes, mi\u00e9rcoles y viernes, de 14 a 16.<\/p>\n<p>Por su parte, el ordenamiento para la disposici\u00f3n y recolecci\u00f3n de los residuos producto de las actividades de poda, tambi\u00e9n comienza a ser abordada en forma integral por la Municipalidad, acorde a la ordenanza de Gesti\u00f3n Integral.<\/p>\n<p>El secretario de Gobierno, Sergio Granetto, inform\u00f3 que \u201cse ha organizado un sistema por el cual el vecino que requiera realizar la disposici\u00f3n inicial de residuos verdes lo haga en la vereda correspondiente a su domicilio, debiendo solicitar su retiro al Servicio de Atenci\u00f3n al Vecino (Tel\u00e9fono N\u00b0 147), para lo cual se le proveer\u00e1 un n\u00famero de reclamo que le ser\u00e1 solicitado por personal municipal al momento de proceder al retiro de los mismos.<\/p>\n<p>En tal sentido, para aquellos casos en que el vecino no cuente con el n\u00famero de reclamo o realice la disposici\u00f3n inicial de residuos verdes en lugares prohibidos (como lo son la v\u00eda p\u00fablica o los terrenos privados), se labrar\u00e1 un acta elevada al Juzgado de Faltas.<\/p>\n<p>En este marco, la Secretar\u00eda de Medio Ambiente record\u00f3 que la \u00e9poca de poda comienza en el mes de mayo, estando prohibido realizar podas en plantas o \u00e1rboles situados en los espacios p\u00fablicos, especialmente en veredas, sin autorizaci\u00f3n municipal.<\/p>\n<p>Todo el material recolectado como residuo verde ser\u00e1 trasladado al Vivero Municipal donde se encuentra pronto a funcionar el centro de chipeado para el aprovechamiento de este material.<\/p>\n<h6>Fuente: El Once<\/h6>\n","protected":false},"excerpt":{"rendered":"<p>Los residuos de papel y cart\u00f3n generados a escala ser\u00e1n trasladados en forma diferenciada a la planta de clasificaci\u00f3n. La otra modalidad es para el traslado y procesado de los residuos verdes originados por la poda en Paran\u00e1. La Municipalidad de Paran\u00e1 lanz\u00f3 el Programa de Generadores Especiales, que tiene como principal objetivo promover un<\/p>\n","protected":false},"author":2,"featured_media":25274,"comment_status":"closed","ping_status":"closed","sticky":false,"template":"","format":"standard","meta":{"footnotes":""},"categories":[2],"tags":[17],"class_list":["post-25273","post","type-post","status-publish","format-standard","has-post-thumbnail","hentry","category-informe-municipal","tag-entre-rios"],"_links":{"self":[{"href":"http:\/\/argentinamunicipal.com.ar\/argentina\/wp-json\/wp\/v2\/posts\/25273","targetHints":{"allow":["GET"]}}],"collection":[{"href":"http:\/\/argentinamunicipal.com.ar\/argentina\/wp-json\/wp\/v2\/posts"}],"about":[{"href":"http:\/\/argentinamunicipal.com.ar\/argentina\/wp-json\/wp\/v2\/types\/post"}],"author":[{"embeddable":true,"href":"http:\/\/argentinamunicipal.com.ar\/argentina\/wp-json\/wp\/v2\/users\/2"}],"replies":[{"embeddable":true,"href":"http:\/\/argentinamunicipal.com.ar\/argentina\/wp-json\/wp\/v2\/comments?post=25273"}],"version-history":[{"count":0,"href":"http:\/\/argentinamunicipal.com.ar\/argentina\/wp-json\/wp\/v2\/posts\/25273\/revisions"}],"wp:featuredmedia":[{"embeddable":true,"href":"http:\/\/argentinamunicipal.com.ar\/argentina\/wp-json\/wp\/v2\/media\/25274"}],"wp:attachment":[{"href":"http:\/\/argentinamunicipal.com.ar\/argentina\/wp-json\/wp\/v2\/media?parent=25273"}],"wp:term":[{"taxonomy":"category","embeddable":true,"href":"http:\/\/argentinamunicipal.com.ar\/argentina\/wp-json\/wp\/v2\/categories?post=25273"},{"taxonomy":"post_tag","embeddable":true,"href":"http:\/\/argentinamunicipal.com.ar\/argentina\/wp-json\/wp\/v2\/tags?post=25273"}],"curies":[{"name":"wp","href":"https:\/\/api.w.org\/{rel}","templated":true}]}}