{"id":25303,"date":"2015-02-24T09:56:56","date_gmt":"2015-02-24T12:56:56","guid":{"rendered":"http:\/\/argentinamunicipal.com.ar\/argentina\/?p=25303"},"modified":"2015-02-24T09:56:56","modified_gmt":"2015-02-24T12:56:56","slug":"catamarca-se-puso-en-marcha-el-emprendimiento-bajo-el-durazno","status":"publish","type":"post","link":"http:\/\/argentinamunicipal.com.ar\/argentina\/catamarca-se-puso-en-marcha-el-emprendimiento-bajo-el-durazno\/","title":{"rendered":"Catamarca: Se puso en marcha el emprendimiento Bajo El Durazno"},"content":{"rendered":"<p><a href=\"http:\/\/argentinamunicipal.com.ar\/argentina\/wp-content\/uploads\/2015\/02\/lucia_en_bajo_el_durazno_2.jpg\"><img loading=\"lazy\" decoding=\"async\" class=\"aligncenter  wp-image-25304\" src=\"http:\/\/argentinamunicipal.com.ar\/argentina\/wp-content\/uploads\/2015\/02\/lucia_en_bajo_el_durazno_2.jpg\" alt=\"lucia_en_bajo_el_durazno_2\" width=\"621\" height=\"414\" srcset=\"http:\/\/argentinamunicipal.com.ar\/argentina\/wp-content\/uploads\/2015\/02\/lucia_en_bajo_el_durazno_2.jpg 4437w, http:\/\/argentinamunicipal.com.ar\/argentina\/wp-content\/uploads\/2015\/02\/lucia_en_bajo_el_durazno_2-300x200.jpg 300w, http:\/\/argentinamunicipal.com.ar\/argentina\/wp-content\/uploads\/2015\/02\/lucia_en_bajo_el_durazno_2-1024x683.jpg 1024w\" sizes=\"auto, (max-width: 621px) 100vw, 621px\" \/><\/a><br \/>\nLuc\u00eda Corpacci puso en marcha este mediod\u00eda la etapa productiva de Bajo El Durazno, con un acto que puso fin a casi dos d\u00e9cadas sin la apertura de nuevos emprendimientos mineros.<\/p>\n<p>El yacimiento est\u00e1 en su etapa de \u00abdestape de mina\u00bb y otorgar\u00e1 40 nuevos puesto de empleos con la particularidad que todos ser\u00e1n ocupados por catamarque\u00f1os.<\/p>\n<p>Estuvieron presentes junto a la mandataria el ministro de Hacienda, Ricardo Aredes; el secretario de Miner\u00eda de la Naci\u00f3n, Jorge Mayoral; el presidente de YMAD, Manuel Ben\u00edtez; el presidente del Directorio de Minera la Alumbrera y ejecutivo principal de Glencore Sudam\u00e9rica, Jose Marum; el director de YMAD por Catamarca, Angel Mercado; el presidente de Camyen, Daniel Isi; el secretario de Miner\u00eda, Rodolfo Micone y los intendentes Daniel Polti, Hugo Avila, Marcelo Villagr\u00e1n, Jorge Figueroa, Jorge Andersch, Pedro Mendoza, Francisco Gordillo, Pedro Yapura, Carlos Luna, Gilberto Santill\u00e1n y Arnoldo Avila, entre otras autoridades.<\/p>\n<p>Lucia ratific\u00f3 el rumbo de su pol\u00edtica minera, reivindic\u00f3 el valor de la actividad como uno de los ejes del desarrollo provincial, y adelant\u00f3 los trabajos que se vienen realizando en otros proyectos mineros de la Provincia.<\/p>\n<p>El emprendimiento Bajo El Durazno est\u00e1 en su etapa de \u00abdestape de mina\u00bb y producir\u00e1 el 30 por ciento de materia prima para la refinaci\u00f3n de producci\u00f3n de la Alumbrera.<\/p>\n<p>En el yacimiento minero de Bajo el Durazno, se iniciar\u00e1 una nueva etapa en la historia de la miner\u00eda provincial, cuando el yacimiento de cobre y oro inicie su etapa de producci\u00f3n. Se trata de un hito en la miner\u00eda catamarque\u00f1a, ya que por primera vez la Provincia tendr\u00e1 un rol protag\u00f3nico en el emprendimiento, adem\u00e1s de haber participado en la etapa previa y fijar una serie de requisitos que antes no exist\u00edan, como el empleo de mano de obra local.<\/p>\n<p>Un hecho significativo sobre Bajo El Durazno es que el propio Estado control\u00f3 las etapas de exploraci\u00f3n y de estudios ambientales, tarea que se asumi\u00f3 con la mayor responsabilidad y participaci\u00f3n de diversos estamentos de la comunidad. La Provincia aprob\u00f3 el Informe de Impacto Ambiental luego de varias observaciones, hasta encontrar finalmente las condiciones de trabajo adecuadas.<\/p>\n<p>Bajo El Durazno se encuentra dentro de las propiedades mineras de YMAD, raz\u00f3n por la cual puede explotarlo Minera Alumbrera con YMAD y se encuentra aproximadamente a unos 5 kil\u00f3metros del proyecto de Alumbrera.<\/p>\n<p>De este modo, en esta etapa Bajo El Durazno es considerada parte de la ampliaci\u00f3n de Minera Alumbrera y la producci\u00f3n que salga de este proyecto se complementar\u00e1 con lo producido por Minera Alumbrera<\/p>\n<p>Yacimientos Mineros de Agua de Dionisio (YMAD) y Minera Alumbrera firmaron una nueva Uni\u00f3n transitoria de Empresas (UTE) para explotar el yacimiento de cobre y oro Bajo El Durazno. Con este acuerdo, se utilizar\u00e1 la planta de procesamiento de Bajo la Alumbrera para el tratamiento de los minerales de este flamante emprendimiento, manteniendo as\u00ed en sus puestos a m\u00e1s de 2.200 operarios. Adem\u00e1s se incorporaron m\u00e1s de 40 como nuevo personal, con la particularidad de que todos son oriundos de los departamentos del \u00e1rea de influencia.<\/p>\n<p>Bajo El Durazno\u00a0 se ha explorado extensivamente desde su descubrimiento en 1968 hasta hoy. El \u00e1rea fue explorada durante los \u00faltimos dos a\u00f1os con campa\u00f1as que superaron los 8.000 metros de perforaciones a cargo de empresas locales.<\/p>\n<p>Minera Alumbrera invirti\u00f3 60 millones de d\u00f3lares destinados a la compra de equipamiento, maquinaria e infraestructura, lo cual benefici\u00f3 tambi\u00e9n a proveedores locales.<\/p>\n<p>Por su proximidad, Bajo el Durazno utilizar\u00e1 para la fase de explotaci\u00f3n la infraestructura desarrollada para Bajo de la Alumbrera, que se localiza a unos pocos kil\u00f3metros de distancia, prolongando la vida \u00fatil de esas instalaciones. Se estima que en la etapa de producci\u00f3n se\u00a0 obtendr\u00e1n del procesamiento unas 60.000 toneladas de concentrado, que contendr\u00e1n unas 15.000 toneladas de cobre y unas 100.000 onzas de oro.<\/p>\n<p>Con este emprendimiento se ratifica un rumbo m\u00e1s que positivo en la miner\u00eda catamarque\u00f1a, que observ\u00f3 notables cambios desde la asunci\u00f3n de Luc\u00eda Corpacci hace poco m\u00e1s de tres a\u00f1os.<\/p>\n<p>La creaci\u00f3n de la empresa Estatal Minera de Catamarca, marc\u00f3 un hito en la miner\u00eda provincial y es considerada una empresa modelo en otros puntos del pa\u00eds.<br \/>\nJunto con la producci\u00f3n record en Farall\u00f3n Negro, la recuperaci\u00f3n de Minas Capillitas, la multiplicaci\u00f3n de empleo local y el crecimiento y jerarquizaci\u00f3n de los proveedores mineros de Catamarca, se define una realidad minera provincial que, desde el inicio de la actual gesti\u00f3n de Gobierno, se desarrolla como verdadera pol\u00edtica de Estado.<\/p>\n<p>Se trabaja en un marco de previsibilidad y con permanentes acciones de proyecci\u00f3n a corto, mediano y largo plazo, que incluyeron un in\u00e9dito acercamiento con la comunidad, la superaci\u00f3n de hist\u00f3ricos conflictos y la apertura de centros de control ambiental con participaci\u00f3n comunitaria.<\/p>\n<p>En el yacimiento Bajo La Alumbrera, el ritmo se mantendr\u00e1 hasta el final de 2018. Se trabaja adem\u00e1s con el estudio de factibilidad del yacimiento Agua Rica, a lo que se suma desde hoy la producci\u00f3n en Bajo El Durazno.<\/p>\n<h6>Fuente: La Uni\u00f3n Digital<\/h6>\n","protected":false},"excerpt":{"rendered":"<p>Luc\u00eda Corpacci puso en marcha este mediod\u00eda la etapa productiva de Bajo El Durazno, con un acto que puso fin a casi dos d\u00e9cadas sin la apertura de nuevos emprendimientos mineros. El yacimiento est\u00e1 en su etapa de \u00abdestape de mina\u00bb y otorgar\u00e1 40 nuevos puesto de empleos con la particularidad que todos ser\u00e1n ocupados<\/p>\n","protected":false},"author":2,"featured_media":25304,"comment_status":"closed","ping_status":"closed","sticky":false,"template":"","format":"standard","meta":{"footnotes":""},"categories":[2],"tags":[16],"class_list":["post-25303","post","type-post","status-publish","format-standard","has-post-thumbnail","hentry","category-informe-municipal","tag-catamarca"],"_links":{"self":[{"href":"http:\/\/argentinamunicipal.com.ar\/argentina\/wp-json\/wp\/v2\/posts\/25303","targetHints":{"allow":["GET"]}}],"collection":[{"href":"http:\/\/argentinamunicipal.com.ar\/argentina\/wp-json\/wp\/v2\/posts"}],"about":[{"href":"http:\/\/argentinamunicipal.com.ar\/argentina\/wp-json\/wp\/v2\/types\/post"}],"author":[{"embeddable":true,"href":"http:\/\/argentinamunicipal.com.ar\/argentina\/wp-json\/wp\/v2\/users\/2"}],"replies":[{"embeddable":true,"href":"http:\/\/argentinamunicipal.com.ar\/argentina\/wp-json\/wp\/v2\/comments?post=25303"}],"version-history":[{"count":0,"href":"http:\/\/argentinamunicipal.com.ar\/argentina\/wp-json\/wp\/v2\/posts\/25303\/revisions"}],"wp:featuredmedia":[{"embeddable":true,"href":"http:\/\/argentinamunicipal.com.ar\/argentina\/wp-json\/wp\/v2\/media\/25304"}],"wp:attachment":[{"href":"http:\/\/argentinamunicipal.com.ar\/argentina\/wp-json\/wp\/v2\/media?parent=25303"}],"wp:term":[{"taxonomy":"category","embeddable":true,"href":"http:\/\/argentinamunicipal.com.ar\/argentina\/wp-json\/wp\/v2\/categories?post=25303"},{"taxonomy":"post_tag","embeddable":true,"href":"http:\/\/argentinamunicipal.com.ar\/argentina\/wp-json\/wp\/v2\/tags?post=25303"}],"curies":[{"name":"wp","href":"https:\/\/api.w.org\/{rel}","templated":true}]}}