{"id":25321,"date":"2015-02-24T10:24:09","date_gmt":"2015-02-24T13:24:09","guid":{"rendered":"http:\/\/argentinamunicipal.com.ar\/argentina\/?p=25321"},"modified":"2015-02-24T10:24:09","modified_gmt":"2015-02-24T13:24:09","slug":"el-fuego-no-da-tregua-en-chubut-alcanzo-complejo-privado-y-son-13-mil-las-hectareas-afectadas","status":"publish","type":"post","link":"http:\/\/argentinamunicipal.com.ar\/argentina\/el-fuego-no-da-tregua-en-chubut-alcanzo-complejo-privado-y-son-13-mil-las-hectareas-afectadas\/","title":{"rendered":"El fuego no da tregua en Chubut: alcanz\u00f3 complejo privado y son 13 mil las hect\u00e1reas afectadas"},"content":{"rendered":"<div id=\"attachment_25322\" style=\"width: 656px\" class=\"wp-caption aligncenter\"><a href=\"http:\/\/argentinamunicipal.com.ar\/argentina\/wp-content\/uploads\/2015\/02\/3aa5ef7b22ccee505efefac9c3c37a7d_L.jpg\"><img loading=\"lazy\" decoding=\"async\" aria-describedby=\"caption-attachment-25322\" class=\" wp-image-25322\" src=\"http:\/\/argentinamunicipal.com.ar\/argentina\/wp-content\/uploads\/2015\/02\/3aa5ef7b22ccee505efefac9c3c37a7d_L.jpg\" alt=\" INCENDIO SERIA INTENCIONAL Y ES EL MAYOR DESASTRE ECOLOGICO DE CHOLILA EN TODA SU HISTORIA\" width=\"646\" height=\"485\" srcset=\"http:\/\/argentinamunicipal.com.ar\/argentina\/wp-content\/uploads\/2015\/02\/3aa5ef7b22ccee505efefac9c3c37a7d_L.jpg 800w, http:\/\/argentinamunicipal.com.ar\/argentina\/wp-content\/uploads\/2015\/02\/3aa5ef7b22ccee505efefac9c3c37a7d_L-300x225.jpg 300w\" sizes=\"auto, (max-width: 646px) 100vw, 646px\" \/><\/a><p id=\"caption-attachment-25322\" class=\"wp-caption-text\">INCENDIO SERIA INTENCIONAL Y ES EL MAYOR DESASTRE ECOLOGICO DE CHOLILA EN TODA SU HISTORIA<\/p><\/div>\n<p>Ya son 13 mil hect\u00e1reas de bosques consumidas en Cholila, alcanz\u00f3 incluso el complejo privado San Esteban, el fuego no da tregua y el combate m\u00e1s efectivo es el terrestre. Hay 130 brigadistas trabajando.<\/p>\n<p>Seg\u00fan confirm\u00f3 ayer Mat\u00edas Osterc, coordinador de operaciones del Servicio Nacional de Manejo del Fuego, \u00abal menos son 13 mil las hect\u00e1reas\u00bb de bosques nativos devastadas por el fuego que comenz\u00f3 el domingo en el valle del r\u00edo Tigre y ya tom\u00f3 toda la franja oeste del lago Cholila y ayer alcanz\u00f3 incluso el complejo privado \u00abSan Esteban\u00bb.<\/p>\n<p>\u00abLos brigadistas est\u00e1n trabajando en la protecci\u00f3n de viviendas y vamos incorporando d\u00eda a d\u00eda recursos a trav\u00e9s de la provincia\u00bb, ampli\u00f3 el funcionario en referencia a los otros 32 combatientes que se sumar\u00e1n en las pr\u00f3ximas horas al trabajo, en tanto que las condiciones generadas por el humo hacen \u00abimposible\u00bb la utilizaci\u00f3n de los ocho aviones hidrantes que se encuentran a la espera en los aeropuertos de Cholila (5 naves), San Mart\u00edn de los Andes (una) y Bariloche (dos).<\/p>\n<p>La gravedad de la situaci\u00f3n determin\u00f3 adem\u00e1s el traslado al lugar del jefe del Sistema Federal de Manejo del Fuego, Jorge Barrionuevo, quien trabaja en coordinaci\u00f3n con las autoridades de Chubut.<\/p>\n<p>Asimismo, el gobernador de la provincia, Mart\u00edn Buzzi, decidi\u00f3 tambi\u00e9n trasladarse ayer a la atarde con su gabinete a Cholila, en un gesto \u00abde respaldo al dif\u00edcil trabajo que realizan los brigadistas\u00bb.<\/p>\n<p>En el operativo se utilizan helic\u00f3pteros aportados por la provincia de Neuqu\u00e9n, el Ej\u00e9rcito Argentino y Gendarmer\u00eda Nacional, que se encargan del traslado de los hombres al lugar de los incendios.<\/p>\n<p>En cuanto a las proyecciones meteorol\u00f3gicas para los pr\u00f3ximos dos d\u00edas, se estima que continuar\u00e1 el incremento de la temperatura y habr\u00e1 un descenso de la humedad, con vientos leves de direcciones variables, lo que har\u00e1 que las tareas de control se mantengan en su m\u00e1ximo nivel, seg\u00fan estimaron las autoridades.<\/p>\n<p>Las \u00e1reas t\u00e9cnicas de los planes provincial y nacional de Manejo del Fuego y el Servicio Meteorol\u00f3gico Nacional trabajan adem\u00e1s sobre im\u00e1genes satelitales actualizadas permanentemente y realizan un pron\u00f3stico especial para el \u00e1rea del incendio, que permite determinar la asignaci\u00f3n de recursos y equipos y emitir las instrucciones pertinentes.<\/p>\n<p>Los 130 brigadistas que trabajan en el lugar son de Cholila, Epuy\u00e9n, Lago Puelo, Golondrinas, Puerto Patriada, Corcovado, Esquel y Trevelin, a los que hay que sumar personal de Defensa Civil, la Subsecretar\u00eda de Bosques, el Ministerio de Desarrollo Territorial, Vialidad Provincial, Polic\u00eda local, el Instituto Aut\u00e1rquico de Colonizaci\u00f3n, la Municipalidad y el aeroclub de Cholila, Parques Nacionales, el Servicio Provincial de Manejo del Fuego de Neuqu\u00e9n y la Secretaria de Ambiente y Recursos Sustentables de la Naci\u00f3n.<\/p>\n<p>Al parecer, el incendio es intencional y se origin\u00f3 en la zona denominada la Horqueta, sobre la cuenca del r\u00edo Tigre, y la zona de incendios est\u00e1 localizada en plena cordillera del Chubut, a unos 80 kil\u00f3metros al sur de El Bols\u00f3n.<\/p>\n<h6>Fuente: El Cordillerano<\/h6>\n","protected":false},"excerpt":{"rendered":"<p>Ya son 13 mil hect\u00e1reas de bosques consumidas en Cholila, alcanz\u00f3 incluso el complejo privado San Esteban, el fuego no da tregua y el combate m\u00e1s efectivo es el terrestre. Hay 130 brigadistas trabajando. Seg\u00fan confirm\u00f3 ayer Mat\u00edas Osterc, coordinador de operaciones del Servicio Nacional de Manejo del Fuego, \u00abal menos son 13 mil las<\/p>\n","protected":false},"author":2,"featured_media":25322,"comment_status":"closed","ping_status":"closed","sticky":false,"template":"","format":"standard","meta":{"footnotes":""},"categories":[48],"tags":[14],"class_list":["post-25321","post","type-post","status-publish","format-standard","has-post-thumbnail","hentry","category-contingencias","tag-chubut"],"_links":{"self":[{"href":"http:\/\/argentinamunicipal.com.ar\/argentina\/wp-json\/wp\/v2\/posts\/25321","targetHints":{"allow":["GET"]}}],"collection":[{"href":"http:\/\/argentinamunicipal.com.ar\/argentina\/wp-json\/wp\/v2\/posts"}],"about":[{"href":"http:\/\/argentinamunicipal.com.ar\/argentina\/wp-json\/wp\/v2\/types\/post"}],"author":[{"embeddable":true,"href":"http:\/\/argentinamunicipal.com.ar\/argentina\/wp-json\/wp\/v2\/users\/2"}],"replies":[{"embeddable":true,"href":"http:\/\/argentinamunicipal.com.ar\/argentina\/wp-json\/wp\/v2\/comments?post=25321"}],"version-history":[{"count":0,"href":"http:\/\/argentinamunicipal.com.ar\/argentina\/wp-json\/wp\/v2\/posts\/25321\/revisions"}],"wp:featuredmedia":[{"embeddable":true,"href":"http:\/\/argentinamunicipal.com.ar\/argentina\/wp-json\/wp\/v2\/media\/25322"}],"wp:attachment":[{"href":"http:\/\/argentinamunicipal.com.ar\/argentina\/wp-json\/wp\/v2\/media?parent=25321"}],"wp:term":[{"taxonomy":"category","embeddable":true,"href":"http:\/\/argentinamunicipal.com.ar\/argentina\/wp-json\/wp\/v2\/categories?post=25321"},{"taxonomy":"post_tag","embeddable":true,"href":"http:\/\/argentinamunicipal.com.ar\/argentina\/wp-json\/wp\/v2\/tags?post=25321"}],"curies":[{"name":"wp","href":"https:\/\/api.w.org\/{rel}","templated":true}]}}