{"id":25331,"date":"2015-02-25T06:40:05","date_gmt":"2015-02-25T09:40:05","guid":{"rendered":"http:\/\/argentinamunicipal.com.ar\/argentina\/?p=25331"},"modified":"2015-02-24T10:48:44","modified_gmt":"2015-02-24T13:48:44","slug":"fiesta-nacional-del-caballo-san-rafael-del-26-de-febrero-al-1-de-marzo","status":"publish","type":"post","link":"http:\/\/argentinamunicipal.com.ar\/argentina\/fiesta-nacional-del-caballo-san-rafael-del-26-de-febrero-al-1-de-marzo\/","title":{"rendered":"Fiesta Nacional del Caballo, San Rafael del 26 de febrero al 1 de marzo"},"content":{"rendered":"<p><a href=\"http:\/\/argentinamunicipal.com.ar\/argentina\/wp-content\/uploads\/2015\/02\/20-02-2015-fiesta-del-caballo-2015.jpg\"><img loading=\"lazy\" decoding=\"async\" class=\"aligncenter  wp-image-25332\" src=\"http:\/\/argentinamunicipal.com.ar\/argentina\/wp-content\/uploads\/2015\/02\/20-02-2015-fiesta-del-caballo-2015.jpg\" alt=\"20-02-2015-fiesta-del-caballo-2015\" width=\"712\" height=\"503\" srcset=\"http:\/\/argentinamunicipal.com.ar\/argentina\/wp-content\/uploads\/2015\/02\/20-02-2015-fiesta-del-caballo-2015.jpg 1200w, http:\/\/argentinamunicipal.com.ar\/argentina\/wp-content\/uploads\/2015\/02\/20-02-2015-fiesta-del-caballo-2015-300x212.jpg 300w, http:\/\/argentinamunicipal.com.ar\/argentina\/wp-content\/uploads\/2015\/02\/20-02-2015-fiesta-del-caballo-2015-1024x724.jpg 1024w\" sizes=\"auto, (max-width: 712px) 100vw, 712px\" \/><\/a><br \/>\nSe realizar\u00e1 desde el 26 de febrero al 1 de marzo y se inicia con una cabalgata en pleno centro sanrafaelino. Actuar\u00e1 el Chaque\u00f1o Palavecino.<\/p>\n<p>Esta nueva edici\u00f3n de la \u00fanica Fiesta Nacional que tiene el departamento de San Rafael comenzar\u00e1 el jueves 26 de febrero en la Rotonda del mapa, en el acceso a la ciudad. Alrededor de las 17 partir\u00e1 desde all\u00ed la cabalgata conformada por agrupaciones gauchescas que transportar\u00e1n la Virgen de los Milagros hasta el Predio de Salto de las Rosas.<\/p>\n<p>El programa continuar\u00e1 el viernes 27 con la actuaci\u00f3n estelar del Chaque\u00f1o Palavecino. El s\u00e1bado 28 subir\u00e1 al escenario Daniel \u00abel Negro\u00bb Ferreyra mientras que los Favoritos del Chamam\u00e9 ser\u00e1n los encargados de cerrar el festival el domingo 1 de marzo.<\/p>\n<p>Cada d\u00eda se sumar\u00e1n artistas locales y academias de danzas. La doma y jineteada llega potenciada por la participaci\u00f3n de tropillas y jinetes de gran nivel, especialmente invitados.<\/p>\n<p>A partir de este a\u00f1o la Fiesta Nacional del Caballo, organizada por el Club San Mart\u00edn de Salto de las Rosas, redobla el compromiso con su comunidad y convoca a todas las fuerzas vivas del departamento y ciudades vecinas a participar de su \u00abFeria Exposici\u00f3n Artesanal y Comercial\u00bb.<\/p>\n<p>En un espacio especialmente dise\u00f1ado bajo techo, se ubicar\u00e1n los artesanos, productores, peque\u00f1as empresas que quieran mostrar y comercializar sus productos. Por otro lado, como ocurre en las principales Ferias del pa\u00eds, en su predio de 8 hect\u00e1reas se ha previsto un amplio espacio al aire libre para que se instalen: concesionarias, empresas agr\u00edcolas, de servicios, entidades intermedias.<\/p>\n<p>Durante los 4 d\u00edas que durar\u00e1 la fiesta se prev\u00e9 la presencia de m\u00e1s de 10 mil personas, principalmente familias, turistas, visitantes de otras provincias, predispuestas a pasar un buen momento y conocer las novedades que all\u00ed puedan presentarse.<\/p>\n<p>El programa \u00abJineteando\u00bb de Canal 9 de Bs.As., realizar\u00e1 una edici\u00f3n especial reflejando todo lo que ocurra durante la fiesta, lo que asegura una difusi\u00f3n nacional del encuentro.<\/p>\n<p>Los precios de las entradas ser\u00e1n: jueves 26, s\u00e1bado 28 y domingo 1 de marzo: $ 50. Viernes 27 de febrero con la actuaci\u00f3n del Chaque\u00f1o Palavecino: $ 200. \u00a0La venta se realiza en: Tarjeta Nevada (3 cuotas sin inter\u00e9s), Amancay y La Maruja, adem\u00e1s de la sede del club y comercios a designar en los distritos.<\/p>\n<p>La Organizaci\u00f3n ha previsto una amplia cobertura de servicios sanitarios, de seguridad, asistencia m\u00e9dica, estacionamiento, comunicaciones, transporte, a fin de garantizar la integridad y el disfrute de las miles de personas que asistir\u00e1n.<\/p>\n<p>Las consultas sobre los distintos aspectos del festival, como as\u00ed las acreditaciones de prensa, pueden canalizarse v\u00eda e-mail a: fiestadelcaballo@excelenciapublicidad.com \u00a0o bien al m\u00f3vil 260 (15) 4516707. Contacto con el Presidente del Club San Mart\u00edn, Sr. Nery Godoy: 0260 (15) 4 513990, Comisi\u00f3n Directiva Club Gral. SMart\u00edn (SdelasRosas), San Rafael, Mza.<\/p>\n<h6><a href=\"http:\/\/argentinamunicipal.com.ar\/argentina\/wp-content\/uploads\/2015\/02\/1388693884-FM_los_brios.jpg\"><img loading=\"lazy\" decoding=\"async\" class=\"aligncenter  wp-image-25333\" src=\"http:\/\/argentinamunicipal.com.ar\/argentina\/wp-content\/uploads\/2015\/02\/1388693884-FM_los_brios.jpg\" alt=\"1388693884-FM_los_brios\" width=\"652\" height=\"382\" srcset=\"http:\/\/argentinamunicipal.com.ar\/argentina\/wp-content\/uploads\/2015\/02\/1388693884-FM_los_brios.jpg 1134w, http:\/\/argentinamunicipal.com.ar\/argentina\/wp-content\/uploads\/2015\/02\/1388693884-FM_los_brios-300x176.jpg 300w, http:\/\/argentinamunicipal.com.ar\/argentina\/wp-content\/uploads\/2015\/02\/1388693884-FM_los_brios-1024x600.jpg 1024w\" sizes=\"auto, (max-width: 652px) 100vw, 652px\" \/><\/a><\/h6>\n<h6>Fuente: Los Andes<\/h6>\n","protected":false},"excerpt":{"rendered":"<p>Se realizar\u00e1 desde el 26 de febrero al 1 de marzo y se inicia con una cabalgata en pleno centro sanrafaelino. Actuar\u00e1 el Chaque\u00f1o Palavecino. Esta nueva edici\u00f3n de la \u00fanica Fiesta Nacional que tiene el departamento de San Rafael comenzar\u00e1 el jueves 26 de febrero en la Rotonda del mapa, en el acceso a<\/p>\n","protected":false},"author":2,"featured_media":25334,"comment_status":"closed","ping_status":"closed","sticky":false,"template":"","format":"standard","meta":{"footnotes":""},"categories":[47],"tags":[31],"class_list":["post-25331","post","type-post","status-publish","format-standard","has-post-thumbnail","hentry","category-fiestas","tag-mendoza"],"_links":{"self":[{"href":"http:\/\/argentinamunicipal.com.ar\/argentina\/wp-json\/wp\/v2\/posts\/25331","targetHints":{"allow":["GET"]}}],"collection":[{"href":"http:\/\/argentinamunicipal.com.ar\/argentina\/wp-json\/wp\/v2\/posts"}],"about":[{"href":"http:\/\/argentinamunicipal.com.ar\/argentina\/wp-json\/wp\/v2\/types\/post"}],"author":[{"embeddable":true,"href":"http:\/\/argentinamunicipal.com.ar\/argentina\/wp-json\/wp\/v2\/users\/2"}],"replies":[{"embeddable":true,"href":"http:\/\/argentinamunicipal.com.ar\/argentina\/wp-json\/wp\/v2\/comments?post=25331"}],"version-history":[{"count":0,"href":"http:\/\/argentinamunicipal.com.ar\/argentina\/wp-json\/wp\/v2\/posts\/25331\/revisions"}],"wp:featuredmedia":[{"embeddable":true,"href":"http:\/\/argentinamunicipal.com.ar\/argentina\/wp-json\/wp\/v2\/media\/25334"}],"wp:attachment":[{"href":"http:\/\/argentinamunicipal.com.ar\/argentina\/wp-json\/wp\/v2\/media?parent=25331"}],"wp:term":[{"taxonomy":"category","embeddable":true,"href":"http:\/\/argentinamunicipal.com.ar\/argentina\/wp-json\/wp\/v2\/categories?post=25331"},{"taxonomy":"post_tag","embeddable":true,"href":"http:\/\/argentinamunicipal.com.ar\/argentina\/wp-json\/wp\/v2\/tags?post=25331"}],"curies":[{"name":"wp","href":"https:\/\/api.w.org\/{rel}","templated":true}]}}