{"id":25344,"date":"2015-02-25T08:38:18","date_gmt":"2015-02-25T11:38:18","guid":{"rendered":"http:\/\/argentinamunicipal.com.ar\/argentina\/?p=25344"},"modified":"2015-02-25T08:38:18","modified_gmt":"2015-02-25T11:38:18","slug":"municipales-de-ituzaingo-iran-al-paro-el-lunes-por-presuntos-incumplimientos-del-ejecutivo","status":"publish","type":"post","link":"http:\/\/argentinamunicipal.com.ar\/argentina\/municipales-de-ituzaingo-iran-al-paro-el-lunes-por-presuntos-incumplimientos-del-ejecutivo\/","title":{"rendered":"Municipales de Ituzaing\u00f3 ir\u00e1n al paro el lunes por presuntos incumplimientos del Ejecutivo"},"content":{"rendered":"<p><a href=\"http:\/\/argentinamunicipal.com.ar\/argentina\/wp-content\/uploads\/2015\/02\/79165_gremiales.jpg\"><img loading=\"lazy\" decoding=\"async\" class=\"alignright size-full wp-image-25345\" src=\"http:\/\/argentinamunicipal.com.ar\/argentina\/wp-content\/uploads\/2015\/02\/79165_gremiales.jpg\" alt=\"79165_gremiales\" width=\"544\" height=\"293\" srcset=\"http:\/\/argentinamunicipal.com.ar\/argentina\/wp-content\/uploads\/2015\/02\/79165_gremiales.jpg 544w, http:\/\/argentinamunicipal.com.ar\/argentina\/wp-content\/uploads\/2015\/02\/79165_gremiales-300x162.jpg 300w\" sizes=\"auto, (max-width: 544px) 100vw, 544px\" \/><\/a>Los empleados municipales de Ituzaing\u00f3 decidieron hacer un paro el pr\u00f3ximo lunes en reclamo por presuntos incumplimientos por parte del Ejecutivo, seg\u00fan indicaron desde el sindicato que los nuclea.<\/p>\n<p>En este contexto, el titular de la Asociaci\u00f3n de Trabajadores del Estado, Feliciano Romero, indic\u00f3 a El Litoral que \u201choy (por ayer) fuimos para intentar reunirnos con el intendente, lo estuvimos esperando, pero como no nos atendi\u00f3 ni \u00e9l ni el vice, junto con los delegados y trabajadores se decidi\u00f3 hacer un paro el lunes, y ma\u00f1ana (hoy) habr\u00e1 asamblea en todos los lugares de trabajo\u201d.<\/p>\n<p>En cuanto a los motivos de la medida de fuerza, explic\u00f3 que es \u201cpor la falta de cumplimiento del acuerdo anteriormente firmado para el pago en tiempo y forma de los salarios, de las horas extras y la reincorporaci\u00f3n de dos trabajadores que fueron cesanteados\u201d.<\/p>\n<h6>Fuente: El Litoral, Corrientes<\/h6>\n","protected":false},"excerpt":{"rendered":"<p>Los empleados municipales de Ituzaing\u00f3 decidieron hacer un paro el pr\u00f3ximo lunes en reclamo por presuntos incumplimientos por parte del Ejecutivo, seg\u00fan indicaron desde el sindicato que los nuclea. En este contexto, el titular de la Asociaci\u00f3n de Trabajadores del Estado, Feliciano Romero, indic\u00f3 a El Litoral que \u201choy (por ayer) fuimos para intentar reunirnos<\/p>\n","protected":false},"author":2,"featured_media":25345,"comment_status":"closed","ping_status":"closed","sticky":false,"template":"","format":"standard","meta":{"footnotes":""},"categories":[7],"tags":[13],"class_list":["post-25344","post","type-post","status-publish","format-standard","has-post-thumbnail","hentry","category-informe-sindical","tag-corrientes"],"_links":{"self":[{"href":"http:\/\/argentinamunicipal.com.ar\/argentina\/wp-json\/wp\/v2\/posts\/25344","targetHints":{"allow":["GET"]}}],"collection":[{"href":"http:\/\/argentinamunicipal.com.ar\/argentina\/wp-json\/wp\/v2\/posts"}],"about":[{"href":"http:\/\/argentinamunicipal.com.ar\/argentina\/wp-json\/wp\/v2\/types\/post"}],"author":[{"embeddable":true,"href":"http:\/\/argentinamunicipal.com.ar\/argentina\/wp-json\/wp\/v2\/users\/2"}],"replies":[{"embeddable":true,"href":"http:\/\/argentinamunicipal.com.ar\/argentina\/wp-json\/wp\/v2\/comments?post=25344"}],"version-history":[{"count":0,"href":"http:\/\/argentinamunicipal.com.ar\/argentina\/wp-json\/wp\/v2\/posts\/25344\/revisions"}],"wp:featuredmedia":[{"embeddable":true,"href":"http:\/\/argentinamunicipal.com.ar\/argentina\/wp-json\/wp\/v2\/media\/25345"}],"wp:attachment":[{"href":"http:\/\/argentinamunicipal.com.ar\/argentina\/wp-json\/wp\/v2\/media?parent=25344"}],"wp:term":[{"taxonomy":"category","embeddable":true,"href":"http:\/\/argentinamunicipal.com.ar\/argentina\/wp-json\/wp\/v2\/categories?post=25344"},{"taxonomy":"post_tag","embeddable":true,"href":"http:\/\/argentinamunicipal.com.ar\/argentina\/wp-json\/wp\/v2\/tags?post=25344"}],"curies":[{"name":"wp","href":"https:\/\/api.w.org\/{rel}","templated":true}]}}