{"id":25350,"date":"2015-02-25T08:46:05","date_gmt":"2015-02-25T11:46:05","guid":{"rendered":"http:\/\/argentinamunicipal.com.ar\/argentina\/?p=25350"},"modified":"2015-02-25T08:46:05","modified_gmt":"2015-02-25T11:46:05","slug":"rafaela-en-octubre-estaran-terminadas-132-viviendas","status":"publish","type":"post","link":"http:\/\/argentinamunicipal.com.ar\/argentina\/rafaela-en-octubre-estaran-terminadas-132-viviendas\/","title":{"rendered":"Rafaela: en octubre estar\u00e1n terminadas 132 viviendas"},"content":{"rendered":"<p><a href=\"http:\/\/argentinamunicipal.com.ar\/argentina\/wp-content\/uploads\/2015\/02\/19-1-A-RAFAELA-VIVIEND_fmt.jpeg\"><img loading=\"lazy\" decoding=\"async\" class=\"alignleft size-full wp-image-25351\" src=\"http:\/\/argentinamunicipal.com.ar\/argentina\/wp-content\/uploads\/2015\/02\/19-1-A-RAFAELA-VIVIEND_fmt.jpeg\" alt=\"19-1-A-RAFAELA VIVIEND_fmt\" width=\"424\" height=\"271\" srcset=\"http:\/\/argentinamunicipal.com.ar\/argentina\/wp-content\/uploads\/2015\/02\/19-1-A-RAFAELA-VIVIEND_fmt.jpeg 424w, http:\/\/argentinamunicipal.com.ar\/argentina\/wp-content\/uploads\/2015\/02\/19-1-A-RAFAELA-VIVIEND_fmt-300x192.jpeg 300w\" sizes=\"auto, (max-width: 424px) 100vw, 424px\" \/><\/a>Las unidades habitacionales, financiadas por el gobierno nacional en terrenos aportados por el Ejecutivo local, est\u00e1n destinadas a satisfacer la demanda de los estratos socioecon\u00f3micos medios y muestran un importante grado de avance a pocos meses del inicio de su construcci\u00f3n.<\/p>\n<p>Un complejo habitacional de 132 unidades se edifica en el barrio Villa del Parque, en el este de la ciudad de Rafaela, y se distribuir\u00e1 en 78 departamentos de un dormitorio, 48 departamentos de 2 dormitorios, 4 departamentos de 3 dormitorios y 2 departamentos para personas con dificultades de movilidad.<\/p>\n<p>Dentro de los beneficios del plan, el pago de las viviendas se efectuar\u00e1 a trav\u00e9s de cr\u00e9ditos hipotecarios a 30 a\u00f1os de plazo, con cuotas accesibles a sectores de profesionales j\u00f3venes, t\u00e9cnicos, trabajadores calificados y familias de clase media, en el marco de la operatoria del Programa de Cr\u00e9dito Argentino (Procrear) Bicentenario, en terrenos municipales que en su momento fueron cedidos por la Administraci\u00f3n de Infraestructura Ferroviaria.<\/p>\n<p>La inversi\u00f3n inicial prevista rond\u00f3 los 70 millones de pesos y la ejecuci\u00f3n de los trabajos fue adjudicada a la empresa AMG Obras Civiles SA, que gan\u00f3 la licitaci\u00f3n para la construcci\u00f3n del complejo.<\/p>\n<p>Seg\u00fan adelantaron fuentes oficiales, se prev\u00e9 que para octubre estar\u00e1n terminadas las edificaciones, y a fines del primer semestre tendr\u00eda lugar el sorteo.<\/p>\n<p>Recorrido<\/p>\n<p>En la ma\u00f1ana del pasado viernes, el intendente municipal Luis Castellano, junto con el diputado nacional Omar Perotti y la secretaria de Desarrollo Urbano, Suelo y Vivienda del municipio, Mariana Nizzo, entre otros funcionarios, visitaron la obra y constataron el avanzado estado de las edificaciones.<\/p>\n<p>Fue Castellano quien precis\u00f3 que \u201cesta obra se enclava en un barrio hermoso y no s\u00f3lo termina de realzar urban\u00edsticamente esta zona sino que adem\u00e1s apunta a dar soluci\u00f3n habitacional al sector medio de la poblaci\u00f3n, que ha quedado sin alternativas reales de poder adquirir una vivienda y un terreno\u201d.<\/p>\n<p>\u201cSon 132 viviendas de muy buena calidad insertadas en un barrio cercano al centro, y forma parte de una oferta muy interesante que venimos haciendo junto con el gobierno nacional a trav\u00e9s de las gestiones que ha realizado el diputado Perotti, y entiendo que es una alternativa m\u00e1s que accesible para muchos trabajadores j\u00f3venes, que son la fuerza productiva de nuestra ciudad, y que hoy no tienen la posibilidad de acceder a ning\u00fan tipo de soluci\u00f3n habitacional como consecuencia de que el sector privado se ha puesto muy restrictivo\u201d, apunt\u00f3 el mandatario local.<\/p>\n<p>Por su parte, Perotti hizo referencia a las ventajas del plan tanto a nivel local como nacional. \u201cEn la provincia y el pa\u00eds se ve el avance de construcciones de calidad muy parecidas a \u00e9sta, con lo que se da respuesta a una necesidad de sectores que sent\u00edan que estaban afuera, que teniendo capacidad de pago no llegaban a un banco y tampoco ingresaban a alguno de los planes sociales\u201d, destac\u00f3 el legislador.<\/p>\n<p>\u201cEs un programa que ha ganado en consolidaci\u00f3n y transparencia: los sorteos son por Loter\u00eda Nacional y se pueden seguir por TV y por Internet, y esto le ha dado el convencimiento a mucha gente para anotarse, con la seguridad de que el programa avanza y es real\u201d, enfatiz\u00f3.<br \/>\nServicios<\/p>\n<p>En virtud de la ordenanza que dispone la instalaci\u00f3n de doble ca\u00f1er\u00eda, todos los departamentos contar\u00e1n con un sistema de agua de pozo para ba\u00f1o y canillas de servicio y riego, y el agua de red se utilizar\u00e1 solamente para consumo humano. En lo concerniente a las cloacas, el complejo no desagotar\u00e1 en la red domiciliaria, sino que lo har\u00e1 directamente en la red primaria, por lo cual no se sobrecargar\u00e1n las instalaciones ya existentes en el barrio. Respecto de la provisi\u00f3n de gas natural, el emprendimiento no contar\u00e1 con el servicio, ya que el barrio tampoco lo tiene y la actual capacidad del gasoducto que alimenta a Rafaela no permite ampliaciones.<br \/>\nAcuerdos<\/p>\n<p>Rafaela, junto a la ciudad de Santa Fe, son las \u00fanicas localidades de la provincia que han sido beneficiadas con este tipo programa en esta etapa, la primera en la que se involucran directamente los Estados municipales con la provisi\u00f3n de terrenos. En el caso de la localidad cabecera del departamento Castellanos, se trata del resultado de intensas gestiones llevadas a cabo oportunamente ante las autoridades de la Anses por el intendente Luis Castellano y el diputado nacional Omar Perotti, junto a la titular de la unidad local del organismo de la Seguridad Social, Graciela Ballario.<\/p>\n<h6>Fuente: El Litoral,\u00a0Santa fe<\/h6>\n","protected":false},"excerpt":{"rendered":"<p>Las unidades habitacionales, financiadas por el gobierno nacional en terrenos aportados por el Ejecutivo local, est\u00e1n destinadas a satisfacer la demanda de los estratos socioecon\u00f3micos medios y muestran un importante grado de avance a pocos meses del inicio de su construcci\u00f3n. Un complejo habitacional de 132 unidades se edifica en el barrio Villa del Parque,<\/p>\n","protected":false},"author":2,"featured_media":25351,"comment_status":"closed","ping_status":"closed","sticky":false,"template":"","format":"standard","meta":{"footnotes":""},"categories":[2],"tags":[10],"class_list":["post-25350","post","type-post","status-publish","format-standard","has-post-thumbnail","hentry","category-informe-municipal","tag-santa-fe"],"_links":{"self":[{"href":"http:\/\/argentinamunicipal.com.ar\/argentina\/wp-json\/wp\/v2\/posts\/25350","targetHints":{"allow":["GET"]}}],"collection":[{"href":"http:\/\/argentinamunicipal.com.ar\/argentina\/wp-json\/wp\/v2\/posts"}],"about":[{"href":"http:\/\/argentinamunicipal.com.ar\/argentina\/wp-json\/wp\/v2\/types\/post"}],"author":[{"embeddable":true,"href":"http:\/\/argentinamunicipal.com.ar\/argentina\/wp-json\/wp\/v2\/users\/2"}],"replies":[{"embeddable":true,"href":"http:\/\/argentinamunicipal.com.ar\/argentina\/wp-json\/wp\/v2\/comments?post=25350"}],"version-history":[{"count":0,"href":"http:\/\/argentinamunicipal.com.ar\/argentina\/wp-json\/wp\/v2\/posts\/25350\/revisions"}],"wp:featuredmedia":[{"embeddable":true,"href":"http:\/\/argentinamunicipal.com.ar\/argentina\/wp-json\/wp\/v2\/media\/25351"}],"wp:attachment":[{"href":"http:\/\/argentinamunicipal.com.ar\/argentina\/wp-json\/wp\/v2\/media?parent=25350"}],"wp:term":[{"taxonomy":"category","embeddable":true,"href":"http:\/\/argentinamunicipal.com.ar\/argentina\/wp-json\/wp\/v2\/categories?post=25350"},{"taxonomy":"post_tag","embeddable":true,"href":"http:\/\/argentinamunicipal.com.ar\/argentina\/wp-json\/wp\/v2\/tags?post=25350"}],"curies":[{"name":"wp","href":"https:\/\/api.w.org\/{rel}","templated":true}]}}