{"id":2541,"date":"2014-03-01T10:52:23","date_gmt":"2014-03-01T13:52:23","guid":{"rendered":"http:\/\/argentinamunicipal.com.ar\/argentina\/?p=2541"},"modified":"2014-03-31T10:22:41","modified_gmt":"2014-03-31T13:22:41","slug":"ministro-insiste-con-tener-100-mil-efectivos-y-justifico-policia-local-no-se-puede-controlar-todo-desde-un-sillon","status":"publish","type":"post","link":"http:\/\/argentinamunicipal.com.ar\/argentina\/ministro-insiste-con-tener-100-mil-efectivos-y-justifico-policia-local-no-se-puede-controlar-todo-desde-un-sillon\/","title":{"rendered":"Ministro insiste con tener 100 mil efectivos y justific\u00f3 Polic\u00eda Local: \u00abNo se puede controlar todo desde un sill\u00f3n\u00bb"},"content":{"rendered":"<p><a href=\"http:\/\/argentinamunicipal.com.ar\/argentina\/wp-content\/uploads\/2014\/03\/20140228171357_granados.jpg\"><img loading=\"lazy\" decoding=\"async\" class=\"aligncenter size-full wp-image-2544\" alt=\"20140228171357_granados\" src=\"http:\/\/argentinamunicipal.com.ar\/argentina\/wp-content\/uploads\/2014\/03\/20140228171357_granados.jpg\" width=\"620\" height=\"340\" srcset=\"http:\/\/argentinamunicipal.com.ar\/argentina\/wp-content\/uploads\/2014\/03\/20140228171357_granados.jpg 620w, http:\/\/argentinamunicipal.com.ar\/argentina\/wp-content\/uploads\/2014\/03\/20140228171357_granados-300x164.jpg 300w\" sizes=\"auto, (max-width: 620px) 100vw, 620px\" \/><\/a><\/p>\n<p>El ministro de Seguridad asegur\u00f3 que la Polic\u00eda Local \u00abser\u00e1 aut\u00f3noma 100%\u00bb. Pidi\u00f3 que todos los bloques pol\u00edticos aprueben la iniciativa y se refiri\u00f3 al planteo de Descalzo de crear una figura con respaldo popular. \u00abM\u00e1s adelante podr\u00eda ser\u00bb, dijo.<\/p>\n<p>&nbsp;<\/p>\n<p>El ministro de Seguridad de la provincia de Buenos Aires, Alejandro Granados resalt\u00f3 que ser\u00e1 aut\u00f3noma en un 100%, pidi\u00f3 que todos los bloques pol\u00edticos lo aprueben y justific\u00f3 que ante la cantidad de efectivos que se prev\u00e9n sumar, son los intendentes quienes pueden controlar mejor los efectivos.<\/p>\n<p>\u201cEstamos en un d\u00e9ficit con gente importante y yo nunca dije de tener una sola polic\u00eda con 150 mil polic\u00edas. \u00bfC\u00f3mo se hace para controlarlos desde un sill\u00f3n? Es imposible. Los 135 intendentes tienen que controlar sus polic\u00edas\u201d afirm\u00f3 hoy a FM Cielo, el ministro de Seguridad.<\/p>\n<p>As\u00ed, Granados ahond\u00f3 en una de las metas para su gesti\u00f3n: conformar un sistema de seguridad con m\u00e1s de 100 mil hombres en la provincia, pero pertenecientes a distintos tipos de polic\u00edas, entre los que se cuenta la propia Bonaerense -controlada desde el ministerio de Seguridad- y la flamante Local pendiente de aprobaci\u00f3n.<\/p>\n<p>En esta l\u00ednea y ante el pr\u00f3ximo debate en la Legislatura, el funcionario pidi\u00f3 que tenga el mayor apoyo posible. \u201cTienen que adherir todos. Porque es una gran esperanza que tienen todos los ciudadanos de la provincia de Buenos Aires. Hoy lo que todo lo que el mundo reclama, lo que todo el mundo quiere es m\u00e1s polic\u00eda, m\u00e1s entidad, m\u00e1s presencia, m\u00e1s proximidad en la cercan\u00eda de los vecinos\u201d, afirm\u00f3.<\/p>\n<p>Con respecto al financiamiento del sistema de Polic\u00eda Local, algo que \u00e9l mismo identific\u00f3 como una traba, resalt\u00f3 que ser\u00e1 absorbido por la provincia en un 100%, en un c\u00e1lculo en donde lo m\u00e1s oneroso \u201cson los sueldos que representan el 85% del gasto, y el 15% el equipamiento y los gastos de funcionamiento\u201d.<\/p>\n<p>Asimismo, el ministro despej\u00f3 dudas y expres\u00f3 que un efectivo de la Polic\u00eda Local tendr\u00e1 el mismo sueldo que uno que sea de la Polic\u00eda Bonaerense y se mostr\u00f3 de acuerdo en que los jefes comunales puedan luego otorgar un plus a esa fuerza. \u201cOjala lo puedan hacer\u201d, dijo.<\/p>\n<p>Por \u00faltimo Granados consign\u00f3 que la misi\u00f3n de la Polic\u00eda Local es complementar a la Bonaerense y trabajar sobre \u201cdelitos menores\u201d, como \u201cen accidentes de tr\u00e1nsito, o problemas entre vecinos\u201d. \u201cPolic\u00eda central, la bonaerense, se ocupar\u00e1 de desarmaderos, narcotr\u00e1ficos, delitos complejos\u201d, enfatiz\u00f3.<\/p>\n<p>Por otra parte, se refiri\u00f3 a la retirada de gendarmes y desestim\u00f3 las cr\u00edticas opositoras. \u201cLos gendarmes llegan a la provincia de la mano del ex presidente N\u00e9stor Kirchner con el operativo Centinela. Llegaron y se quedaron. Hasta que el a\u00f1o pasado el gobernador pidi\u00f3 un refuerzo hasta fin de a\u00f1o, cuando los efectivos del Operativo Sol regresaran a sus distritos\u201d.<\/p>\n<p>\u201cLe pedimos una pr\u00f3rroga hasta el 28 de febrero, que es cuando se supone que ya regresaron todos los efectivos. Es cierto no alcanza. Me gustar\u00eda que se quedaran porque tenemos un importante d\u00e9ficit de hombres ante tanta extensi\u00f3n de la provincia\u201d, argument\u00f3<\/p>\n<h2>\u00bfParticipaci\u00f3n Popular?<\/h2>\n<p>En relaci\u00f3n al planteo del intendente de Ituzaing\u00f3 de considerar la futura creaci\u00f3n de un jefe local de la polic\u00eda electo por la ciudadan\u00eda, Granados destac\u00f3 que lo m\u00e1s apropiado en un principio es que sea elegido por el intendente en la primera etapa de aplicaci\u00f3n.<\/p>\n<p>\u201cEn algunos lugares se estila que sea la ciudadan\u00eda quien elija un comisionado y en otros lo hace el intendente, que me parece lo m\u00e1s apropiado, en un principio. Hasta que veamos c\u00f3mo funciona, va a hacer as\u00ed, pero despu\u00e9s podr\u00eda ser por voto\u201d, explic\u00f3.<\/p>\n<p>Como se recordar\u00e1, el jefe comunal de Ituzaing\u00f3 y titular de la Federaci\u00f3n Argentina de Municipios en la provincia de Buenos Aires, Alberto Descalz\u00f3, se\u00f1al\u00f3 a este portal que muchos intendentes tienen reparos sobre la responsabilidad que les toca en este sistema de seguridad y plantean la creaci\u00f3n de una figura con respaldo popular.<\/p>\n<h6>Fuente: InfoCielo<\/h6>\n","protected":false},"excerpt":{"rendered":"<p>El ministro de Seguridad asegur\u00f3 que la Polic\u00eda Local \u00abser\u00e1 aut\u00f3noma 100%\u00bb. Pidi\u00f3 que todos los bloques pol\u00edticos aprueben la iniciativa y se refiri\u00f3 al planteo de Descalzo de crear una figura con respaldo popular. \u00abM\u00e1s adelante podr\u00eda ser\u00bb, dijo. &nbsp; El ministro de Seguridad de la provincia de Buenos Aires, Alejandro Granados resalt\u00f3 que<\/p>\n","protected":false},"author":1,"featured_media":2544,"comment_status":"closed","ping_status":"closed","sticky":false,"template":"","format":"standard","meta":{"footnotes":""},"categories":[49],"tags":[12],"class_list":["post-2541","post","type-post","status-publish","format-standard","has-post-thumbnail","hentry","category-seguridad","tag-buenos-aires"],"_links":{"self":[{"href":"http:\/\/argentinamunicipal.com.ar\/argentina\/wp-json\/wp\/v2\/posts\/2541","targetHints":{"allow":["GET"]}}],"collection":[{"href":"http:\/\/argentinamunicipal.com.ar\/argentina\/wp-json\/wp\/v2\/posts"}],"about":[{"href":"http:\/\/argentinamunicipal.com.ar\/argentina\/wp-json\/wp\/v2\/types\/post"}],"author":[{"embeddable":true,"href":"http:\/\/argentinamunicipal.com.ar\/argentina\/wp-json\/wp\/v2\/users\/1"}],"replies":[{"embeddable":true,"href":"http:\/\/argentinamunicipal.com.ar\/argentina\/wp-json\/wp\/v2\/comments?post=2541"}],"version-history":[{"count":0,"href":"http:\/\/argentinamunicipal.com.ar\/argentina\/wp-json\/wp\/v2\/posts\/2541\/revisions"}],"wp:featuredmedia":[{"embeddable":true,"href":"http:\/\/argentinamunicipal.com.ar\/argentina\/wp-json\/wp\/v2\/media\/2544"}],"wp:attachment":[{"href":"http:\/\/argentinamunicipal.com.ar\/argentina\/wp-json\/wp\/v2\/media?parent=2541"}],"wp:term":[{"taxonomy":"category","embeddable":true,"href":"http:\/\/argentinamunicipal.com.ar\/argentina\/wp-json\/wp\/v2\/categories?post=2541"},{"taxonomy":"post_tag","embeddable":true,"href":"http:\/\/argentinamunicipal.com.ar\/argentina\/wp-json\/wp\/v2\/tags?post=2541"}],"curies":[{"name":"wp","href":"https:\/\/api.w.org\/{rel}","templated":true}]}}