{"id":25420,"date":"2015-03-02T16:00:37","date_gmt":"2015-03-02T19:00:37","guid":{"rendered":"http:\/\/argentinamunicipal.com.ar\/argentina\/?p=25420"},"modified":"2015-03-02T16:00:37","modified_gmt":"2015-03-02T19:00:37","slug":"mas-de-2000-ninos-comenzaran-las-clases-en-escuelas-municipales-de-puerto-madryn","status":"publish","type":"post","link":"http:\/\/argentinamunicipal.com.ar\/argentina\/mas-de-2000-ninos-comenzaran-las-clases-en-escuelas-municipales-de-puerto-madryn\/","title":{"rendered":"M\u00e1s de 2000 ni\u00f1os comenzar\u00e1n las clases en escuelas municipales de Puerto Madryn"},"content":{"rendered":"<p><a href=\"http:\/\/argentinamunicipal.com.ar\/argentina\/wp-content\/uploads\/2015\/03\/escolaridad.jpg\"><img loading=\"lazy\" decoding=\"async\" class=\"alignleft size-full wp-image-25421\" src=\"http:\/\/argentinamunicipal.com.ar\/argentina\/wp-content\/uploads\/2015\/03\/escolaridad.jpg\" alt=\"escolaridad\" width=\"482\" height=\"278\" srcset=\"http:\/\/argentinamunicipal.com.ar\/argentina\/wp-content\/uploads\/2015\/03\/escolaridad.jpg 482w, http:\/\/argentinamunicipal.com.ar\/argentina\/wp-content\/uploads\/2015\/03\/escolaridad-300x173.jpg 300w\" sizes=\"auto, (max-width: 482px) 100vw, 482px\" \/><\/a>El lunes 2 de marzo, las ocho escuelas que dependen de la Secretar\u00eda de Ciencia, Educaci\u00f3n y Cultura de la Municipalidad de Puerto Madryn iniciar\u00e1n el ciclo lectivo 2015 con la asistencia de m\u00e1s de 2000 ni\u00f1os y j\u00f3venes. El acto oficial, que presidir\u00e1 el intendente Ricardo Sastre, est\u00e1 previsto para las 13 horas en la Escuela Municipal N\u00ba 3 \u201cCelina Bal\u00e1n de Padilla\u201d, ubicada en la calle Albarrac\u00edn s\/n del barrio San Miguel.<\/p>\n<h3>Acondicionamiento de edificios<\/h3>\n<p>Mediante un intenso trabajo conjunto entre la Secretar\u00eda de Ciencia, Educaci\u00f3n y Cultura, Desarrollo Urbano y Desarrollo Comunitario, a trav\u00e9s de sus respectivas Subsecretar\u00edas, Direcciones y \u00e1reas t\u00e9cnicas y de manera previa al inicio de las clases, se acondicionaron los edificios municipales donde desarrollan actividades los cinco Centros de Desarrollo Infantil y escuelas de nivel inicial, las dos escuelas de nivel primario y la Escuela de Pesca. Cabe mencionar que en tales espacios tambi\u00e9n se acompa\u00f1a a las familias de los ni\u00f1os y j\u00f3venes que all\u00ed asisten con acciones de contenci\u00f3n desde distintos aspectos.<\/p>\n<h3>Atenci\u00f3n pedag\u00f3gica a casi 900 ni\u00f1os<\/h3>\n<p>Asimismo, se lograron acuerdos que permitir\u00e1n que los casi 900 ni\u00f1os de 2 a 5 a\u00f1os de edad que asisten a los CDI, emplazados en barrios sensibles de la comunidad, reciban media hora m\u00e1s de atenci\u00f3n pedag\u00f3gica.<\/p>\n<p>Para analizar y formalizar dicha propuesta, se trabaj\u00f3 en conjunto con los docentes y dem\u00e1s integrantes de la comunidad educativa de los CDI. De este modo, se logr\u00f3 en este inicio de ciclo lectivo 2015 que los peque\u00f1os ingresen a las salitas a las 8.30 horas; hasta el a\u00f1o pasado eso ocurr\u00eda a partir de las 9. Asimismo, el turno tarde comenzar\u00e1 las actividades con las maestras a las 13:30 horas.<\/p>\n<p>A su vez, debe sumarse la inclusi\u00f3n de ni\u00f1os con necesidades especiales en las aulas comunes con la responsabilidad de un Estado municipal acorde a las normativas vigentes, solidario e inclusivo en su accionar.<\/p>\n<p>Por otro lado, cabe destacar que con el esfuerzo de la Comuna, se continuar\u00e1 dando la copa de leche a los estudiantes, cuyas escuelas no reciben este tipo de asistencia desde otras dependencias. Mientras que el almuerzo se concretar\u00e1 en los casos de urgente necesidad, siempre con una labor previa y articulada desde lo social.<\/p>\n<h6>Fuente: El Diario de Madryn<\/h6>\n","protected":false},"excerpt":{"rendered":"<p>El lunes 2 de marzo, las ocho escuelas que dependen de la Secretar\u00eda de Ciencia, Educaci\u00f3n y Cultura de la Municipalidad de Puerto Madryn iniciar\u00e1n el ciclo lectivo 2015 con la asistencia de m\u00e1s de 2000 ni\u00f1os y j\u00f3venes. El acto oficial, que presidir\u00e1 el intendente Ricardo Sastre, est\u00e1 previsto para las 13 horas en<\/p>\n","protected":false},"author":2,"featured_media":25421,"comment_status":"closed","ping_status":"closed","sticky":false,"template":"","format":"standard","meta":{"footnotes":""},"categories":[2],"tags":[14],"class_list":["post-25420","post","type-post","status-publish","format-standard","has-post-thumbnail","hentry","category-informe-municipal","tag-chubut"],"_links":{"self":[{"href":"http:\/\/argentinamunicipal.com.ar\/argentina\/wp-json\/wp\/v2\/posts\/25420","targetHints":{"allow":["GET"]}}],"collection":[{"href":"http:\/\/argentinamunicipal.com.ar\/argentina\/wp-json\/wp\/v2\/posts"}],"about":[{"href":"http:\/\/argentinamunicipal.com.ar\/argentina\/wp-json\/wp\/v2\/types\/post"}],"author":[{"embeddable":true,"href":"http:\/\/argentinamunicipal.com.ar\/argentina\/wp-json\/wp\/v2\/users\/2"}],"replies":[{"embeddable":true,"href":"http:\/\/argentinamunicipal.com.ar\/argentina\/wp-json\/wp\/v2\/comments?post=25420"}],"version-history":[{"count":0,"href":"http:\/\/argentinamunicipal.com.ar\/argentina\/wp-json\/wp\/v2\/posts\/25420\/revisions"}],"wp:featuredmedia":[{"embeddable":true,"href":"http:\/\/argentinamunicipal.com.ar\/argentina\/wp-json\/wp\/v2\/media\/25421"}],"wp:attachment":[{"href":"http:\/\/argentinamunicipal.com.ar\/argentina\/wp-json\/wp\/v2\/media?parent=25420"}],"wp:term":[{"taxonomy":"category","embeddable":true,"href":"http:\/\/argentinamunicipal.com.ar\/argentina\/wp-json\/wp\/v2\/categories?post=25420"},{"taxonomy":"post_tag","embeddable":true,"href":"http:\/\/argentinamunicipal.com.ar\/argentina\/wp-json\/wp\/v2\/tags?post=25420"}],"curies":[{"name":"wp","href":"https:\/\/api.w.org\/{rel}","templated":true}]}}