{"id":25430,"date":"2015-03-02T16:15:30","date_gmt":"2015-03-02T19:15:30","guid":{"rendered":"http:\/\/argentinamunicipal.com.ar\/argentina\/?p=25430"},"modified":"2015-03-02T16:15:30","modified_gmt":"2015-03-02T19:15:30","slug":"arrancan-hoy-las-primeras-asambleas-del-presupuesto-participativo-2015-de-parana","status":"publish","type":"post","link":"http:\/\/argentinamunicipal.com.ar\/argentina\/arrancan-hoy-las-primeras-asambleas-del-presupuesto-participativo-2015-de-parana\/","title":{"rendered":"Arrancan hoy las primeras asambleas del Presupuesto Participativo 2015 de Paran\u00e1"},"content":{"rendered":"<p><a href=\"http:\/\/argentinamunicipal.com.ar\/argentina\/wp-content\/uploads\/2015\/03\/o_1324528631.jpg\"><img loading=\"lazy\" decoding=\"async\" class=\"aligncenter size-full wp-image-25431\" src=\"http:\/\/argentinamunicipal.com.ar\/argentina\/wp-content\/uploads\/2015\/03\/o_1324528631.jpg\" alt=\"o_1324528631\" width=\"640\" height=\"360\" srcset=\"http:\/\/argentinamunicipal.com.ar\/argentina\/wp-content\/uploads\/2015\/03\/o_1324528631.jpg 640w, http:\/\/argentinamunicipal.com.ar\/argentina\/wp-content\/uploads\/2015\/03\/o_1324528631-300x169.jpg 300w\" sizes=\"auto, (max-width: 640px) 100vw, 640px\" \/><\/a><\/p>\n<p>La primera ronda de actividades se desarrollar\u00e1 entre el lunes 2 y el viernes 6 de Marzo, con una instancia en cada una de las 5 zonas comunales de la ciudad \u2022 A trav\u00e9s del programa los vecinos proponen obras para realizar en sus barrios y luego, a trav\u00e9s de un proceso de votaci\u00f3n se determina cu\u00e1les se realizar\u00e1n \u2022 Las alternativas incluyen luminarias, salones de usos m\u00faltiples y asfaltado de calles entre muchas otras<\/p>\n<p>La nueva edici\u00f3n del Presupuesto Participativo est\u00e1 pr\u00f3xima a iniciar con asambleas en las 5 zonas comunales, y ya se percibe gran expectativa por parte de los vecinos en relaci\u00f3n a su comienzo. En Paran\u00e1 ser\u00e1 el tercer a\u00f1o consecutivo que se lleva a cabo, y a la fecha pueden encontrarse diversas obras terminadas y otras en ejecuci\u00f3n en distintos puntos de la ciudad.<\/p>\n<p>\u201cContinuar con la implementaci\u00f3n del programa y ver el crecimiento sostenido en n\u00famero de vecinos e importes para la selecci\u00f3n de proyectos obras es una gran motivaci\u00f3n para trabajar en este proceso apuntando a su consolidaci\u00f3n. Respecto a los tipos de obras que pueden ser objeto de votaci\u00f3n se incluye alumbrado p\u00fablico, vialidad urbana, agua y saneamiento, espacio p\u00fablico y salones de usos m\u00faltiples\u201d destac\u00f3 el coordinador del programa, Luciano Vanegas.<\/p>\n<p>Por su parte, el secretario de Gobierno, Sergio Granetto, coment\u00f3 que \u201cel importe definido para este a\u00f1o de 11.036.349 pesos representa una clara muestra de la importancia que le asignamos al Presupuesto Participativo como sistema democr\u00e1tico de participaci\u00f3n directa e instrumento de inclusi\u00f3n\u201d.<\/p>\n<p>En relaci\u00f3n a las actividades de la semana, las mismas se desarrollar\u00e1n de a una por d\u00eda durante la semana pr\u00f3xima en funci\u00f3n del siguiente cronograma:<\/p>\n<p>Zona Comunal 1: 2 de marzo en el Teatro Municipal 3 de Febrero (25 de Junio 60), de 10 a 12 hs.<\/p>\n<p>Zona Comunal 2: 3 de marzo en el Centro Cultural Juan L. Ortiz (Bvd. Racedo 250), de 15 a 18 hs.<\/p>\n<p>Zona Comunal 3: 4 de marzo en el Club Atl\u00e9tico Palermo (Av. Ram\u00edrez y Santos Dom\u00ednguez), de 15 a 18 hs.<\/p>\n<p>Zona Comunal 4: 5 de marzo en el Centro de Ex Alumnos de Don Bosco (Av. Don Bosco 485), de 15 a 18 hs.<\/p>\n<p>Zona Comunal 5: 6 de marzo en el Centro Asturiano de Paran\u00e1 (Divisi\u00f3n de los Andes 2795 &#8211; esq. Cris\u00f3logo Larralde), de 15 hs a 18 hs.<\/p>\n<p>Cabe destacar que en el portal web de la Municipalidad (www.parana.gob.ar) se encuentra disponible m\u00e1s informaci\u00f3n acerca de los d\u00edas y lugares de cada asamblea, delimitaci\u00f3n de las \u00e1reas que abarca cada zona comunal, obras que pueden ser votadas e importes asignados a cada zona para la ejecuci\u00f3n de obras, entre otros datos de utilidad.<\/p>\n<h6>Fuente: APF Digital<\/h6>\n","protected":false},"excerpt":{"rendered":"<p>La primera ronda de actividades se desarrollar\u00e1 entre el lunes 2 y el viernes 6 de Marzo, con una instancia en cada una de las 5 zonas comunales de la ciudad \u2022 A trav\u00e9s del programa los vecinos proponen obras para realizar en sus barrios y luego, a trav\u00e9s de un proceso de votaci\u00f3n se<\/p>\n","protected":false},"author":2,"featured_media":25431,"comment_status":"closed","ping_status":"closed","sticky":false,"template":"","format":"standard","meta":{"footnotes":""},"categories":[2],"tags":[17],"class_list":["post-25430","post","type-post","status-publish","format-standard","has-post-thumbnail","hentry","category-informe-municipal","tag-entre-rios"],"_links":{"self":[{"href":"http:\/\/argentinamunicipal.com.ar\/argentina\/wp-json\/wp\/v2\/posts\/25430","targetHints":{"allow":["GET"]}}],"collection":[{"href":"http:\/\/argentinamunicipal.com.ar\/argentina\/wp-json\/wp\/v2\/posts"}],"about":[{"href":"http:\/\/argentinamunicipal.com.ar\/argentina\/wp-json\/wp\/v2\/types\/post"}],"author":[{"embeddable":true,"href":"http:\/\/argentinamunicipal.com.ar\/argentina\/wp-json\/wp\/v2\/users\/2"}],"replies":[{"embeddable":true,"href":"http:\/\/argentinamunicipal.com.ar\/argentina\/wp-json\/wp\/v2\/comments?post=25430"}],"version-history":[{"count":0,"href":"http:\/\/argentinamunicipal.com.ar\/argentina\/wp-json\/wp\/v2\/posts\/25430\/revisions"}],"wp:featuredmedia":[{"embeddable":true,"href":"http:\/\/argentinamunicipal.com.ar\/argentina\/wp-json\/wp\/v2\/media\/25431"}],"wp:attachment":[{"href":"http:\/\/argentinamunicipal.com.ar\/argentina\/wp-json\/wp\/v2\/media?parent=25430"}],"wp:term":[{"taxonomy":"category","embeddable":true,"href":"http:\/\/argentinamunicipal.com.ar\/argentina\/wp-json\/wp\/v2\/categories?post=25430"},{"taxonomy":"post_tag","embeddable":true,"href":"http:\/\/argentinamunicipal.com.ar\/argentina\/wp-json\/wp\/v2\/tags?post=25430"}],"curies":[{"name":"wp","href":"https:\/\/api.w.org\/{rel}","templated":true}]}}