{"id":25433,"date":"2015-03-02T12:16:35","date_gmt":"2015-03-02T15:16:35","guid":{"rendered":"http:\/\/argentinamunicipal.com.ar\/argentina\/?p=25433"},"modified":"2015-03-02T16:19:10","modified_gmt":"2015-03-02T19:19:10","slug":"la-municipalidad-llamo-a-licitacion-las-obras-del-nuevo-mercado-sud-de-parana","status":"publish","type":"post","link":"http:\/\/argentinamunicipal.com.ar\/argentina\/la-municipalidad-llamo-a-licitacion-las-obras-del-nuevo-mercado-sud-de-parana\/","title":{"rendered":"La Municipalidad llam\u00f3 a licitaci\u00f3n las obras del nuevo Mercado Sud de Paran\u00e1"},"content":{"rendered":"<div id=\"attachment_25434\" style=\"width: 650px\" class=\"wp-caption aligncenter\"><a href=\"http:\/\/argentinamunicipal.com.ar\/argentina\/wp-content\/uploads\/2015\/03\/o_1425268822.jpg\"><img loading=\"lazy\" decoding=\"async\" aria-describedby=\"caption-attachment-25434\" class=\"size-full wp-image-25434\" src=\"http:\/\/argentinamunicipal.com.ar\/argentina\/wp-content\/uploads\/2015\/03\/o_1425268822.jpg\" alt=\"La vieja casona de calle Per\u00f3n y Villaguay ser\u00e1 recuperada para el funcionamiento del nuevo Mercado Sud.\" width=\"640\" height=\"360\" srcset=\"http:\/\/argentinamunicipal.com.ar\/argentina\/wp-content\/uploads\/2015\/03\/o_1425268822.jpg 640w, http:\/\/argentinamunicipal.com.ar\/argentina\/wp-content\/uploads\/2015\/03\/o_1425268822-300x169.jpg 300w\" sizes=\"auto, (max-width: 640px) 100vw, 640px\" \/><\/a><p id=\"caption-attachment-25434\" class=\"wp-caption-text\">La vieja casona de calle Per\u00f3n y Villaguay ser\u00e1 recuperada para el funcionamiento del nuevo Mercado Sud.<\/p><\/div>\n<p>Las tareas proyectadas corresponden a la primera etapa de la obra de construcci\u00f3n del nuevo Mercado Sud, ubicado en la intersecci\u00f3n de las calles Per\u00f3n y Villaguay, de la capital entrerriana. Los trabajos tienen un presupuesto de 3 millones de pesos y contemplan la recuperaci\u00f3n y puesta en valor del viejo edificio, construido en 1933, donde hoy funcionan oficinas municipales y algunos locales comerciales.<\/p>\n<p>La primera etapa de los trabajos contempla la adquisici\u00f3n de materiales y la contrataci\u00f3n de mano de obra para llevar adelante su puesta en valor del antiguo edificio. La intendenta Blanca Osuna remarc\u00f3 la importancia de que Paran\u00e1 \u201cse desarrolle como productor local y crezcan sus diferentes mercados de productores en la ciudad y la regi\u00f3n\u201d.<\/p>\n<p>\u201cTenemos mucha expectativa con este proyecto porque es el impulso a un n\u00facleo de desarrollo local que puede operar como ordenador y promotor de lo que se genera y produce en Paran\u00e1 y su zona de influencia\u201d, asegur\u00f3 la intendenta.<\/p>\n<p>El edificio erigido en 1933 por la Municipalidad de Paran\u00e1 se convertir\u00e1 en el nuevo Mercado Sud, espacio que alojar\u00e1 puestos comerciales y un bar en una transitada zona de la ciudad. En una primera etapa se recuperar\u00e1 la nave central del inmueble, que presenta un deterioro general en cuanto a lo edilicio y no se adecua al uso que se le pretende dar dado que actualmente all\u00ed funcionan las oficinas administrativas del \u00c1rea de Suministros de la Municipalidad y algunos locales comerciales.<\/p>\n<p><strong>PARQUE INDUSTRIAL<\/strong>. Con el prop\u00f3sito de mejorar las condiciones de tr\u00e1nsito para el transporte de veh\u00edculos de gran porte, la Municipalidad de Paran\u00e1 puso en marcha distintas obras en la zona del Parque Industrial que se complementan a pautas establecidas como corredores viales espec\u00edficos y prohibiciones.<\/p>\n<p>A mediados del mes enero de este a\u00f1o se inici\u00f3 la construcci\u00f3n de banquinas y en ensanche de calle Antonio Salellas, en proximidad con las intersecciones de las calles Hernandarias, Valent\u00edn Torr\u00e1 e Izaguirre.<\/p>\n<p>La obra consiste en la construcci\u00f3n de d\u00e1rsenas de estacionamiento con una base de hormig\u00f3n y 10 cent\u00edmetros de carpeta asf\u00e1ltica de un ancho de tres metros para que el transporte pesado pueda detenerse fuera de la calzada, previo al cambio de arteria. La ampliaci\u00f3n de la banquina se realiza en ambos costados de Salellas.<\/p>\n<p>Asimismo, para aumentar la posibilidad y el radio de gira de los camiones, se ampl\u00eda en la intersecci\u00f3n, el ancho de las calles Hernandarias, Torr\u00e1 e Izaguirre. Los trabajos avanzan a buen ritmo y se estima que podr\u00edan estar concluidos a fines de este mes.<\/p>\n<h6>Fuente: El Diario de Entre R\u00edos<\/h6>\n","protected":false},"excerpt":{"rendered":"<p>Las tareas proyectadas corresponden a la primera etapa de la obra de construcci\u00f3n del nuevo Mercado Sud, ubicado en la intersecci\u00f3n de las calles Per\u00f3n y Villaguay, de la capital entrerriana. Los trabajos tienen un presupuesto de 3 millones de pesos y contemplan la recuperaci\u00f3n y puesta en valor del viejo edificio, construido en 1933,<\/p>\n","protected":false},"author":2,"featured_media":25434,"comment_status":"closed","ping_status":"closed","sticky":false,"template":"","format":"standard","meta":{"footnotes":""},"categories":[2],"tags":[17],"class_list":["post-25433","post","type-post","status-publish","format-standard","has-post-thumbnail","hentry","category-informe-municipal","tag-entre-rios"],"_links":{"self":[{"href":"http:\/\/argentinamunicipal.com.ar\/argentina\/wp-json\/wp\/v2\/posts\/25433","targetHints":{"allow":["GET"]}}],"collection":[{"href":"http:\/\/argentinamunicipal.com.ar\/argentina\/wp-json\/wp\/v2\/posts"}],"about":[{"href":"http:\/\/argentinamunicipal.com.ar\/argentina\/wp-json\/wp\/v2\/types\/post"}],"author":[{"embeddable":true,"href":"http:\/\/argentinamunicipal.com.ar\/argentina\/wp-json\/wp\/v2\/users\/2"}],"replies":[{"embeddable":true,"href":"http:\/\/argentinamunicipal.com.ar\/argentina\/wp-json\/wp\/v2\/comments?post=25433"}],"version-history":[{"count":0,"href":"http:\/\/argentinamunicipal.com.ar\/argentina\/wp-json\/wp\/v2\/posts\/25433\/revisions"}],"wp:featuredmedia":[{"embeddable":true,"href":"http:\/\/argentinamunicipal.com.ar\/argentina\/wp-json\/wp\/v2\/media\/25434"}],"wp:attachment":[{"href":"http:\/\/argentinamunicipal.com.ar\/argentina\/wp-json\/wp\/v2\/media?parent=25433"}],"wp:term":[{"taxonomy":"category","embeddable":true,"href":"http:\/\/argentinamunicipal.com.ar\/argentina\/wp-json\/wp\/v2\/categories?post=25433"},{"taxonomy":"post_tag","embeddable":true,"href":"http:\/\/argentinamunicipal.com.ar\/argentina\/wp-json\/wp\/v2\/tags?post=25433"}],"curies":[{"name":"wp","href":"https:\/\/api.w.org\/{rel}","templated":true}]}}