{"id":25448,"date":"2015-03-02T16:35:12","date_gmt":"2015-03-02T19:35:12","guid":{"rendered":"http:\/\/argentinamunicipal.com.ar\/argentina\/?p=25448"},"modified":"2015-03-02T16:35:12","modified_gmt":"2015-03-02T19:35:12","slug":"santa-fe-monitorean-y-asisten-a-las-localidades-afectadas-por-las-abundantes-precipitaciones","status":"publish","type":"post","link":"http:\/\/argentinamunicipal.com.ar\/argentina\/santa-fe-monitorean-y-asisten-a-las-localidades-afectadas-por-las-abundantes-precipitaciones\/","title":{"rendered":"Santa Fe: Monitorean y asisten a las localidades afectadas por las abundantes precipitaciones"},"content":{"rendered":"<p><a href=\"http:\/\/argentinamunicipal.com.ar\/argentina\/wp-content\/uploads\/2015\/03\/95769.jpg\"><img loading=\"lazy\" decoding=\"async\" class=\"aligncenter size-full wp-image-25449\" src=\"http:\/\/argentinamunicipal.com.ar\/argentina\/wp-content\/uploads\/2015\/03\/95769.jpg\" alt=\"95769\" width=\"621\" height=\"465\" srcset=\"http:\/\/argentinamunicipal.com.ar\/argentina\/wp-content\/uploads\/2015\/03\/95769.jpg 621w, http:\/\/argentinamunicipal.com.ar\/argentina\/wp-content\/uploads\/2015\/03\/95769-300x225.jpg 300w\" sizes=\"auto, (max-width: 621px) 100vw, 621px\" \/><\/a><br \/>\nLa provincia realiza diversos operativos en municipios y comunas donde a\u00fan hay excedentes h\u00eddricos. Tambi\u00e9n se observan alturas hidrom\u00e9tricas por encima del nivel de alerta en las estaciones Tostado, Calchaqu\u00ed y Recreo correspondientes a la cuenca del r\u00edo Salado.<\/p>\n<p>El secretario de Protecci\u00f3n Civil, Marcos Escajadillo, dispuso la presencia en terreno de los equipos de las \u00e1reas operativas a los fines de monitorear y asistir a los intendentes y presidentes de comunas en la atenci\u00f3n directa de las distintas situaciones que se vienen presentando ante las intensas precipitaciones ocurridas los \u00faltimos d\u00edas.<\/p>\n<p>Tal como lo anunciaran los distintos organismos t\u00e9cnicos, se encuentran algunas \u00e1reas con exceso h\u00eddrico en los suelos sobre el centro y norte de Santa Fe, donde se han registrado abundantes precipitaciones en los \u00faltimos d\u00edas. Por otro lado, se observan alturas hidrom\u00e9tricas por encima del nivel de alerta en las estaciones Tostado, Calchaqu\u00ed y Recreo correspondientes a la cuenca del r\u00edo Salado en la provincia de Santa Fe, siendo las lecturas de este s\u00e1bado en Recreo Ruta 70 &#8211; 5.47 m, en Culul\u00fa Ruta 50 &#8211; 1.91.<\/p>\n<p><strong>LOS OPERATIVOS<\/strong><\/p>\n<p>En Vera, durante la tarde del viernes se tom\u00f3 conocimiento de que en el Paraje 70\/800 habr\u00eda personas con riesgo de salud. El director del hospital, Dr. Garc\u00eda, confirm\u00f3 la situaci\u00f3n y se coordin\u00f3 un vuelo con el helic\u00f3ptero del gobierno de la provincia para trasladar a Mariela Spicher 28 a\u00f1os, Joel Spicher 10 a\u00f1os (discapacitado) Lorenzo Spicher 18 meses (asm\u00e1tico) y Grimelda Spicher 18 a\u00f1os (embarazada con problema de p\u00e9rdidas). Se cont\u00f3 con la colaboraci\u00f3n del personal policial de la Unidad Regional XIX &#8211; Departamento Vera- para el traslado terrestre de la familia, quienes se encuentran en el hospital de Vera y una vez dados de alta se alojar\u00e1n en casa de un familiar.<\/p>\n<p>En tanto, durante la ma\u00f1ana del viernes, el subdirector de la Zona Norte de Protecci\u00f3n Civil, Daniel Chersich, constituy\u00f3 el Centro de Operaciones de Emergencias en el Cuartel de Bomberos Voluntarios de Villa Minetti. Debido al ingreso de agua proveniente de campos de la Provincia de Santiago del Estero y las precipitaciones locales existen parajes aislados. Por este motivo se diagram\u00f3 un operativo de emergencia de asistencia a aproximadamente 110 familias, con los Bomberos Voluntarios y personal de Protecci\u00f3n Civil. La asistencia a parajes corresponde a La Hiedra: 30 familias; El Dichoso: 10 familias; El 421: 15 familias; Las Gamas: 25 familias; San Isidoro: 10 familias; Zona La Nena: 20 familias.<\/p>\n<p>Todas las acciones fueron coordinadas con los Coordinadores de Nodo de Salud y de Desarrollo Social.<\/p>\n<p>En el departamento Castellanos, las localidades m\u00e1s afectadas fueron Estaci\u00f3n Clucellas, Josefina, Santa Clara de Saguier, Saguier, Colonia Cello, Frontera, Bauer y Sigel, Zen\u00f3n Pereyra y toda la l\u00ednea de la autov\u00eda 19 (incluso Sa Pereyra, San Jer\u00f3nimo Norte y San Jer\u00f3nimo del Sauce del departamento Las Colonias). En toda esta zona hubo distintas afectaciones con agua adentro de algunas viviendas, evacuados temporales y quedan algunos en este momento que est\u00e1n siendo asistidos por las autoridades locales con la colaboraci\u00f3n del Ministerio de Desarrollo Social de la Provincia.<\/p>\n<p>Otro de los principales problemas fue el agua sobre rutas, donde se ocasionaron cortes y desv\u00edos de tr\u00e1nsito y hubo ruptura de alcantarillas en el ingreso a los pueblos. Una de las situaciones m\u00e1s cr\u00edticas fue la de la Ruta 13 &#8211; Estaci\u00f3n Clucellas con interrupci\u00f3n total de tr\u00e1nsito. Se previ\u00f3 con los responsables de la Direcci\u00f3n Provincial de Vialidad, la colocaci\u00f3n de un puente Bailey en este tramo que va a ser trasladado en la jornada de hoy. Tambi\u00e9n se contact\u00f3 a los responsables del Ej\u00e9rcito; Batall\u00f3n Anfibios 121 y Batall\u00f3n Ing. 1 de Santo Tom\u00e9 a los fines de evaluar alternativas de un puente en caso de ser necesario (de conformidad a lo acordado por el equipo interdisciplinario evaluador integrado por funcionarios de Ministerio de Aguas, Servicios P\u00fablicos y Medio Ambiente, Direcci\u00f3n Provincial de Vialidad, Presidentes de Comuna, Director Provincial de Protecci\u00f3n Civil, etc.) en la ruta 20 camino a Colonia Cello. El mismo equipo est\u00e1 trabajando sobre la ruta 20 en el ingreso a Zen\u00f3n Pereyra.<\/p>\n<p>Con la colaboraci\u00f3n de las Asociaciones de Bomberos Voluntarios, se coloc\u00f3 carteler\u00eda para el desv\u00edo del tr\u00e1nsito. Tambi\u00e9n particip\u00f3 la Agencia Provincial de Seguridad Vial con la asignaci\u00f3n de m\u00f3viles en distintos puestos cr\u00edticos.<\/p>\n<p>En la entrega de v\u00edveres a las familias aisladas cooperan los Bomberos Voluntarios de Villa Minetti, de San Guillermo (apoyo con canoas y botes) y la Brigada C\u00f3ndor de los Bomberos Voluntarios de Santa Silvina (Chaco), con un Unimog y un semirremolque de apoyo.<\/p>\n<p><strong>OTROS DEPARTAMENTOS AFECTADOS<\/strong><\/p>\n<p>A nivel provincial hubo equipos de apoyo para la provisi\u00f3n de bombas extractoras de agua, bolsas o rollos de pl\u00e1stico, y contacto permanente con las autoridades locales en distintas localidades de los departamentos La Capital, Las Colonias y Garay.<\/p>\n<h6>Fuente: El Litoral, Santa Fe<\/h6>\n","protected":false},"excerpt":{"rendered":"<p>La provincia realiza diversos operativos en municipios y comunas donde a\u00fan hay excedentes h\u00eddricos. Tambi\u00e9n se observan alturas hidrom\u00e9tricas por encima del nivel de alerta en las estaciones Tostado, Calchaqu\u00ed y Recreo correspondientes a la cuenca del r\u00edo Salado. El secretario de Protecci\u00f3n Civil, Marcos Escajadillo, dispuso la presencia en terreno de los equipos de<\/p>\n","protected":false},"author":2,"featured_media":25449,"comment_status":"closed","ping_status":"closed","sticky":false,"template":"","format":"standard","meta":{"footnotes":""},"categories":[48],"tags":[10],"class_list":["post-25448","post","type-post","status-publish","format-standard","has-post-thumbnail","hentry","category-contingencias","tag-santa-fe"],"_links":{"self":[{"href":"http:\/\/argentinamunicipal.com.ar\/argentina\/wp-json\/wp\/v2\/posts\/25448","targetHints":{"allow":["GET"]}}],"collection":[{"href":"http:\/\/argentinamunicipal.com.ar\/argentina\/wp-json\/wp\/v2\/posts"}],"about":[{"href":"http:\/\/argentinamunicipal.com.ar\/argentina\/wp-json\/wp\/v2\/types\/post"}],"author":[{"embeddable":true,"href":"http:\/\/argentinamunicipal.com.ar\/argentina\/wp-json\/wp\/v2\/users\/2"}],"replies":[{"embeddable":true,"href":"http:\/\/argentinamunicipal.com.ar\/argentina\/wp-json\/wp\/v2\/comments?post=25448"}],"version-history":[{"count":0,"href":"http:\/\/argentinamunicipal.com.ar\/argentina\/wp-json\/wp\/v2\/posts\/25448\/revisions"}],"wp:featuredmedia":[{"embeddable":true,"href":"http:\/\/argentinamunicipal.com.ar\/argentina\/wp-json\/wp\/v2\/media\/25449"}],"wp:attachment":[{"href":"http:\/\/argentinamunicipal.com.ar\/argentina\/wp-json\/wp\/v2\/media?parent=25448"}],"wp:term":[{"taxonomy":"category","embeddable":true,"href":"http:\/\/argentinamunicipal.com.ar\/argentina\/wp-json\/wp\/v2\/categories?post=25448"},{"taxonomy":"post_tag","embeddable":true,"href":"http:\/\/argentinamunicipal.com.ar\/argentina\/wp-json\/wp\/v2\/tags?post=25448"}],"curies":[{"name":"wp","href":"https:\/\/api.w.org\/{rel}","templated":true}]}}