{"id":2546,"date":"2014-03-01T10:57:15","date_gmt":"2014-03-01T13:57:15","guid":{"rendered":"http:\/\/argentinamunicipal.com.ar\/argentina\/?p=2546"},"modified":"2014-03-01T10:57:15","modified_gmt":"2014-03-01T13:57:15","slug":"avances-para-abrir-sede-del-mercado-central-en-la-plata","status":"publish","type":"post","link":"http:\/\/argentinamunicipal.com.ar\/argentina\/avances-para-abrir-sede-del-mercado-central-en-la-plata\/","title":{"rendered":"Avances para abrir sede del Mercado Central en La Plata"},"content":{"rendered":"<p><a href=\"http:\/\/argentinamunicipal.com.ar\/argentina\/wp-content\/uploads\/2014\/03\/116334289_ercado-2.jpg\"><img loading=\"lazy\" decoding=\"async\" class=\"alignright size-full wp-image-2547\" alt=\"116334289_ercado-2\" src=\"http:\/\/argentinamunicipal.com.ar\/argentina\/wp-content\/uploads\/2014\/03\/116334289_ercado-2.jpg\" width=\"480\" height=\"320\" srcset=\"http:\/\/argentinamunicipal.com.ar\/argentina\/wp-content\/uploads\/2014\/03\/116334289_ercado-2.jpg 480w, http:\/\/argentinamunicipal.com.ar\/argentina\/wp-content\/uploads\/2014\/03\/116334289_ercado-2-300x200.jpg 300w\" sizes=\"auto, (max-width: 480px) 100vw, 480px\" \/><\/a>El Intendente Pablo Bruera recorri\u00f3 con autoridades del Mercado Central el predio de 520 y 115<\/p>\n<p>Las gestiones para la instalaci\u00f3n de la sucursal platense del Mercado Central dieron un nuevo paso ayer al mediod\u00eda, cuando el intendente Pablo Bruera recorri\u00f3 junto al gerente de Obras del Mercado Central de Buenos Aires, Vicente Di Gir\u00f3nimo, las instalaciones donde funcionar\u00e1 un emprendimiento de venta minorista en nuestra Ciudad.<\/p>\n<p>Tras esa recorrida del predio de avenida 520 y 115, el Jefe Comunal sostuvo que \u201clas autoridades del Mercado Central han considerado apto el lugar, ya que se viene manejando la log\u00edstica de lo que es el Mercado Regional de La Plata, que es similar al Mercado Central\u201d.<\/p>\n<p>Este encuentro se produjo despu\u00e9s de que el jueves Bruera acord\u00f3 la extensi\u00f3n del sistema de comercializaci\u00f3n de productos de la canasta b\u00e1sica familiar a precios accesibles, en un encuentro con el Jefe de Gabinete Jorge Capitanich, en la Casa Rosada. Se aplicar\u00e1 un dise\u00f1o arquitect\u00f3nico tipo que luego se emplear\u00e1 en otras experiencias en el resto del pa\u00eds<\/p>\n<p>Durante la recorrida por el predio de Tolosa y acompa\u00f1ado por el titular del Mercado Regional, Mariano Su\u00e1rez, Bruera explic\u00f3 que \u201ctenemos un play\u00f3n de estacionamiento para 1.000 autos, c\u00e1maras de seguridad, un destacamento policial, adem\u00e1s de la importancia de estar cerca de la autopista\u201d, y agreg\u00f3 \u201cpensamos en un mercado modelo que tambi\u00e9n ayude a los productores locales, a los cuales vamos a convocar, para que puedan tener los mismos precios que los del Mercado Central\u201d.<\/p>\n<p>La nueva estructura se instalar\u00e1 dentro del Mercado Regional, sobre la avenida 520, a la altura de 115. Se estima que los trabajos de adecuaci\u00f3n de la infraestructura demandar\u00e1n un mes de plazo.<\/p>\n<p>En ese predio, las autoridades del Mercado Central crear\u00e1n un punto de venta de productos alimenticios, con el nivel de precios que rige en los puestos que funcionan en el predio de este \u00f3rgano del Estado, en su sede de La Matanza.<\/p>\n<p>De acuerdo con los que indicaron las autoridades del Mercado Central, se aplicar\u00e1 en las instalaciones del mercado platense un dise\u00f1o arquitect\u00f3nico tipo que luego se emplear\u00e1 en otras experiencias de venta a precios bajos que se prev\u00e9 desarrollar en otros puntos del pa\u00eds.<\/p>\n<h2>Condicionan la apertura<\/h2>\n<p>Por su parte, en declaraciones period\u00edsticas, el empresario de la carne y ahora vicepresidente del Mercado Central de Buenos Aires Alberto Samid condicion\u00f3 la apertura de la nueva sucursal al se\u00f1alar que \u201csin sede en el casco urbano no hay Mercado Central en 520\u201d.<\/p>\n<p>En di\u00e1logo con la prensa, el empresario puso reparos al proyecto que la Comuna acord\u00f3 con el jefe de Gabinete Capitanich, y sobre la instalaci\u00f3n de la sucursal platense en la sede del Mercado Regional apunt\u00f3 que s\u00f3lo funcionar\u00eda \u201csi hay otra m\u00e1s en el casco urbano. Tiene que haber dos sedes, no pod\u00e9s decirles a los jubilados que hagan cuatro kil\u00f3metros para llegar a la 520\u201d, seg\u00fan trascendi\u00f3.<\/p>\n<p>Hay que recordar que Samid manifest\u00f3 su intenci\u00f3n de abrir una sucursal del Mercado Central en la localidad de Ca\u00f1uelas, despu\u00e9s de que la Municipalidad de La Plata clausur\u00f3 las obras en la sede de 44 y 14 porque nunca se iniciaron los tr\u00e1mites para la habilitaci\u00f3n.<\/p>\n<h2>1000<\/h2>\n<p>Es la cantidad de autos que se podr\u00e1n estacionar en el play\u00f3n de estacionamiento que tendr\u00e1 disponible la sucursal platense del Mercado Central en la avenida 520. Adem\u00e1s, se adelant\u00f3 que contar\u00e1 con c\u00e1maras de seguridad y un destacamento policial cercano. Las obras durar\u00edan un mes<\/p>\n<h6>Fuente: El D\u00eda<\/h6>\n","protected":false},"excerpt":{"rendered":"<p>El Intendente Pablo Bruera recorri\u00f3 con autoridades del Mercado Central el predio de 520 y 115 Las gestiones para la instalaci\u00f3n de la sucursal platense del Mercado Central dieron un nuevo paso ayer al mediod\u00eda, cuando el intendente Pablo Bruera recorri\u00f3 junto al gerente de Obras del Mercado Central de Buenos Aires, Vicente Di Gir\u00f3nimo,<\/p>\n","protected":false},"author":1,"featured_media":2547,"comment_status":"closed","ping_status":"closed","sticky":false,"template":"","format":"standard","meta":{"footnotes":""},"categories":[2],"tags":[12],"class_list":["post-2546","post","type-post","status-publish","format-standard","has-post-thumbnail","hentry","category-informe-municipal","tag-buenos-aires"],"_links":{"self":[{"href":"http:\/\/argentinamunicipal.com.ar\/argentina\/wp-json\/wp\/v2\/posts\/2546","targetHints":{"allow":["GET"]}}],"collection":[{"href":"http:\/\/argentinamunicipal.com.ar\/argentina\/wp-json\/wp\/v2\/posts"}],"about":[{"href":"http:\/\/argentinamunicipal.com.ar\/argentina\/wp-json\/wp\/v2\/types\/post"}],"author":[{"embeddable":true,"href":"http:\/\/argentinamunicipal.com.ar\/argentina\/wp-json\/wp\/v2\/users\/1"}],"replies":[{"embeddable":true,"href":"http:\/\/argentinamunicipal.com.ar\/argentina\/wp-json\/wp\/v2\/comments?post=2546"}],"version-history":[{"count":0,"href":"http:\/\/argentinamunicipal.com.ar\/argentina\/wp-json\/wp\/v2\/posts\/2546\/revisions"}],"wp:featuredmedia":[{"embeddable":true,"href":"http:\/\/argentinamunicipal.com.ar\/argentina\/wp-json\/wp\/v2\/media\/2547"}],"wp:attachment":[{"href":"http:\/\/argentinamunicipal.com.ar\/argentina\/wp-json\/wp\/v2\/media?parent=2546"}],"wp:term":[{"taxonomy":"category","embeddable":true,"href":"http:\/\/argentinamunicipal.com.ar\/argentina\/wp-json\/wp\/v2\/categories?post=2546"},{"taxonomy":"post_tag","embeddable":true,"href":"http:\/\/argentinamunicipal.com.ar\/argentina\/wp-json\/wp\/v2\/tags?post=2546"}],"curies":[{"name":"wp","href":"https:\/\/api.w.org\/{rel}","templated":true}]}}