{"id":25474,"date":"2015-03-03T09:46:08","date_gmt":"2015-03-03T12:46:08","guid":{"rendered":"http:\/\/argentinamunicipal.com.ar\/argentina\/?p=25474"},"modified":"2015-04-24T10:27:09","modified_gmt":"2015-04-24T13:27:09","slug":"chubut-prohibio-la-venta-de-tierras-afectadas-por-los-incendios-de-bosques","status":"publish","type":"post","link":"http:\/\/argentinamunicipal.com.ar\/argentina\/chubut-prohibio-la-venta-de-tierras-afectadas-por-los-incendios-de-bosques\/","title":{"rendered":"Chubut prohibi\u00f3 la venta de tierras afectadas por los incendios de bosques"},"content":{"rendered":"<p><a href=\"http:\/\/argentinamunicipal.com.ar\/argentina\/wp-content\/uploads\/2015\/03\/cholila1.jpg\"><img loading=\"lazy\" decoding=\"async\" class=\"aligncenter size-full wp-image-25475\" src=\"http:\/\/argentinamunicipal.com.ar\/argentina\/wp-content\/uploads\/2015\/03\/cholila1.jpg\" alt=\"cholila1\" width=\"600\" height=\"400\" srcset=\"http:\/\/argentinamunicipal.com.ar\/argentina\/wp-content\/uploads\/2015\/03\/cholila1.jpg 600w, http:\/\/argentinamunicipal.com.ar\/argentina\/wp-content\/uploads\/2015\/03\/cholila1-300x200.jpg 300w\" sizes=\"auto, (max-width: 600px) 100vw, 600px\" \/><\/a><br \/>\nEl gobernador Mart\u00edn Buzzi anunci\u00f3 ayer una serie de medidas en relaci\u00f3n con los incendios en la zona cordillerana a ra\u00edz de la pol\u00e9mica por el presunto trasfondo inmobiliario del tema. Firm\u00f3 un decreto que proh\u00edbe la venta o divisi\u00f3n de las tierras afectadas por el fuego en las \u00e1reas boscosas de la cordillera, disolver\u00e1 el IAC y una comisi\u00f3n revisar\u00e1 las ventas de antiguos pobladores a empresas con la posibilidad de revocatoria.<\/p>\n<p>Buzzi indic\u00f3 que las medidas fueron tomadas \u201cen funci\u00f3n de la situaci\u00f3n que estamos viviendo en toda la zona andina que es muy compleja donde hay que poner un punto final y definitivo\u201d.<\/p>\n<p>En este contexto indic\u00f3: \u201cEs cierto que estamos enfrentando una situaci\u00f3n de incendios forestales, pero tambi\u00e9n es cierto que gran parte de ellos son provocados de manera ex profeso. Y no es ninguna novedad que en los veranos de la zona andino patag\u00f3nica tengamos incendios que sean provocados, por los m\u00e1s diferentes motivos pero que tienen m\u00f3viles internos\u201d.<\/p>\n<p>\u201cEs m\u00e1s: tenemos a lo largo de todo el verano alrededor de 1.000 focos \u00edgneos distintos, donde algunos prosperan y llegamos a la situaci\u00f3n que estamos enfrentando en Cholila, El Pedregoso y Lago Puelo, y hay un negocio que vamos a atacar\u201d, indic\u00f3 Buzzi.<\/p>\n<p>En este sentido, el Gobernador explic\u00f3 que \u201cen la historia a los pobladores se les otorg\u00f3 hace muchos a\u00f1os la tenencia precaria de la tierra con derecho a pastoreo, porque tambi\u00e9n estuvieron 70 a\u00f1os en ese lugar, porque son ocupantes quiz\u00e1s desde los primeros pobladores que luego han venido a subdividir el terreno en la familia, entre los hijos, y el Estado les ha otorgado el derecho de pastoreo, un derecho precario de tenencia de la tierra a precios muy bajos: 2 pesos la hect\u00e1rea, para decirlo de una manera muy sencilla\u201d.<\/p>\n<p>Y prosigui\u00f3: \u201cEste poblador que ha tenido la tierra por 60, 70 a\u00f1os, le ha vendido la tierra a un argentino \u2018vivo\u2019, no a dos sino a cuatro pesos, y ese argentino se lo vende a otro argentino con plata o a un extranjero con dinero a 40.000, 60.000 o 100.000 d\u00f3lares la hect\u00e1rea\u201d.<\/p>\n<p>A su vez, Buzzi manifest\u00f3 que \u201cesta es una situaci\u00f3n objetiva que venimos enfrentando desde hace 20 a\u00f1os, donde el fuego es un elemento m\u00e1s del escenario que como Chubut tienen otras provincias patag\u00f3nicas. Frente a este cuadro de situaci\u00f3n que no es novedoso, que requiere una serie de medidas contundentes, he tomado algunas medidas\u201d.<\/p>\n<h3>Medidas<\/h3>\n<p>En referencia a las medidas tomadas por el Gobierno del Chubut, Buzzi enumer\u00f3 cada una de ellas y explico con detalles sus caracter\u00edsticas.<\/p>\n<p>\u201cPrimero, la conformaci\u00f3n de una comisi\u00f3n donde pongo al frente al ministro coordinador de Gabinete, Juan Garitano, que permita revisar las entregas de tierras que pasaron de antiguos pobladores a otros nuevos pobladores que tiene la zona. Esta comisi\u00f3n va a poder revisar, inclusive revocar esa tenencia\u201d, sostuvo Buzzi y agreg\u00f3 que \u201cesta comisi\u00f3n funcionar\u00e1 por un plazo de hasta 120 d\u00edas, tiempo en el cual tiene que comunicar qu\u00e9 cosas fue resolviendo sobre las denuncias que tienen que hacer los pobladores tambi\u00e9n, que se han visto bajo situaciones complejas que llevaron a vender la tierra, porque de esto tambi\u00e9n est\u00e1 hecha la transferencia de tierras de la Cordillera\u201d.<\/p>\n<p>Asimismo, el mandatario puntualiz\u00f3 que \u201chubo gente que tuvo la voluntad de hacerlo pero otras fueron pr\u00e1cticamente obligadas a hacerlo a argentinos \u2018avivados\u2019. Este ser\u00e1 el trabajo de la comisi\u00f3n que puede llegar hasta la revocatoria de la tenencia de la tierra\u201d.<\/p>\n<p>\u201cLa segunda decisi\u00f3n es que donde hubo fuego, bosques andino patag\u00f3nicos impactados por el fuego, le di instrucciones al organismo de Catastro de que no se permita las ventas, divisiones o subdivisiones, y nada que se puede modificar ni vender\u201d, enfatiz\u00f3 el Gobernador y aclar\u00f3 que \u201cesto se convertir\u00e1 en un decreto provincial\u201d.<\/p>\n<p>Como tercera medida, Buzzi indic\u00f3 que \u201cle he dado instrucciones al Ministerio de Desarrollo Territorial y Sectores Productivos, en la figura de la ministra Gabriela Dufour, para trabajar en la recuperaci\u00f3n del Bosque Andino Patag\u00f3nico, tanto el implantado como el Bosque Nativo como una pol\u00edtica del Estado, tambi\u00e9n con el apoyo de la Jefatura de Gabinete Nacional, en la figura de An\u00edbal Fern\u00e1ndez\u201d.<\/p>\n<p>\u201cLa cuarta medida es congelar toda transferencia, divisi\u00f3n, subdivisi\u00f3n o loteo de tierra en la zona Andino Patag\u00f3nica de la Comarca de Los Andes, hasta tanto la Honorable Legislatura de la Provincia del Chubut sancione la ley que deviene del art\u00edculo 105 de la Constituci\u00f3n Provincial que dice con todas las letras que para poder enajenar bosques tiene que haber cuatro quintos de los votos de la Legislatura\u201d, asever\u00f3 el mandatario.<\/p>\n<p>Y agreg\u00f3: \u201cEsta ley nunca fue sancionada, de manera tal que nadie va a poder cambiar nada hasta tanto esta ley sea definitivamente aprobada por la Legislatura y hay decretos de hace 20 a\u00f1os que han buscado evitar este art\u00edculo 105\u201d.<\/p>\n<h3>Disolver\u00e1n el IAC<\/h3>\n<p>Luego, Buzzi remarc\u00f3: \u201cLa quinta medida es intervenir el Instituto Aut\u00e1rquico de Colonizaci\u00f3n y Fomento (IAC), donde la ministra Gabriela Dufour es la persona que va a hacer la intervenci\u00f3n. Esta intervenci\u00f3n es para disolver el IAC, organismo que viene casi desde el origen de la Provincia, tiene el sentido casi de colonizaci\u00f3n de aquellos or\u00edgenes que nos vienen de ser territorios nacionales, que luego nos convertimos en provincia y que hab\u00eda que hacer \u00e1mbitos de est\u00edmulo para que la gente viniera a vivir a la Patagonia, lo que ya no hace falta\u201d.<\/p>\n<p>\u201cAl IAC lo voy a reemplazar por el Instituto de Regulaci\u00f3n del Uso y Tenencia de la Tierra, cuya misi\u00f3n ser\u00e1 el desarrollo y la preservaci\u00f3n que tiene que venir de manera indisoluble de la mano y que tiene que ver con un plan de desarrollo territorial\u201d, anunci\u00f3 el Gobernador.<\/p>\n<h3>Adhesi\u00f3n de municipios<\/h3>\n<p>Por \u00faltimo, Buzzi coment\u00f3 que \u201cla sexta medida es invitar a todos los Concejos Deliberantes, porque los municipios tambi\u00e9n dividen, subdividen y venden tierra, a que adhieran a estas leyes provinciales, a estos decretos del poder Ejecutivo para poder ordenar esta situaci\u00f3n que est\u00e1 siendo en extremo conflictiva pero tiene que tener tambi\u00e9n resoluciones definitivas y de fondo, y que el fuego cuando suceda entre nosotros sea simplemente porque es un episodio natural y no porque venga a acomodar valores inmobiliarios diferentes\u201d.<\/p>\n<h6>Fuente: El Diario de Madryn<\/h6>\n","protected":false},"excerpt":{"rendered":"<p>El gobernador Mart\u00edn Buzzi anunci\u00f3 ayer una serie de medidas en relaci\u00f3n con los incendios en la zona cordillerana a ra\u00edz de la pol\u00e9mica por el presunto trasfondo inmobiliario del tema. Firm\u00f3 un decreto que proh\u00edbe la venta o divisi\u00f3n de las tierras afectadas por el fuego en las \u00e1reas boscosas de la cordillera, disolver\u00e1<\/p>\n","protected":false},"author":2,"featured_media":25475,"comment_status":"closed","ping_status":"closed","sticky":false,"template":"","format":"standard","meta":{"footnotes":""},"categories":[2],"tags":[14],"class_list":["post-25474","post","type-post","status-publish","format-standard","has-post-thumbnail","hentry","category-informe-municipal","tag-chubut"],"_links":{"self":[{"href":"http:\/\/argentinamunicipal.com.ar\/argentina\/wp-json\/wp\/v2\/posts\/25474","targetHints":{"allow":["GET"]}}],"collection":[{"href":"http:\/\/argentinamunicipal.com.ar\/argentina\/wp-json\/wp\/v2\/posts"}],"about":[{"href":"http:\/\/argentinamunicipal.com.ar\/argentina\/wp-json\/wp\/v2\/types\/post"}],"author":[{"embeddable":true,"href":"http:\/\/argentinamunicipal.com.ar\/argentina\/wp-json\/wp\/v2\/users\/2"}],"replies":[{"embeddable":true,"href":"http:\/\/argentinamunicipal.com.ar\/argentina\/wp-json\/wp\/v2\/comments?post=25474"}],"version-history":[{"count":0,"href":"http:\/\/argentinamunicipal.com.ar\/argentina\/wp-json\/wp\/v2\/posts\/25474\/revisions"}],"wp:featuredmedia":[{"embeddable":true,"href":"http:\/\/argentinamunicipal.com.ar\/argentina\/wp-json\/wp\/v2\/media\/25475"}],"wp:attachment":[{"href":"http:\/\/argentinamunicipal.com.ar\/argentina\/wp-json\/wp\/v2\/media?parent=25474"}],"wp:term":[{"taxonomy":"category","embeddable":true,"href":"http:\/\/argentinamunicipal.com.ar\/argentina\/wp-json\/wp\/v2\/categories?post=25474"},{"taxonomy":"post_tag","embeddable":true,"href":"http:\/\/argentinamunicipal.com.ar\/argentina\/wp-json\/wp\/v2\/tags?post=25474"}],"curies":[{"name":"wp","href":"https:\/\/api.w.org\/{rel}","templated":true}]}}