{"id":25486,"date":"2015-03-03T10:00:21","date_gmt":"2015-03-03T13:00:21","guid":{"rendered":"http:\/\/argentinamunicipal.com.ar\/argentina\/?p=25486"},"modified":"2015-03-03T10:00:21","modified_gmt":"2015-03-03T13:00:21","slug":"financiaran-el-fortalecimiento-institucional-de-13-municipios-saltenos","status":"publish","type":"post","link":"http:\/\/argentinamunicipal.com.ar\/argentina\/financiaran-el-fortalecimiento-institucional-de-13-municipios-saltenos\/","title":{"rendered":"Financiar\u00e1n el fortalecimiento institucional de 13 municipios salte\u00f1os."},"content":{"rendered":"<p><a href=\"http:\/\/argentinamunicipal.com.ar\/argentina\/wp-content\/uploads\/2015\/03\/min-de-gobierno-con-sec-de-gobierno-de-la-municipalidad1.jpg\"><img loading=\"lazy\" decoding=\"async\" class=\"alignleft size-full wp-image-25487\" src=\"http:\/\/argentinamunicipal.com.ar\/argentina\/wp-content\/uploads\/2015\/03\/min-de-gobierno-con-sec-de-gobierno-de-la-municipalidad1.jpg\" alt=\"min-de-gobierno-con-sec-de-gobierno-de-la-municipalidad1\" width=\"500\" height=\"375\" srcset=\"http:\/\/argentinamunicipal.com.ar\/argentina\/wp-content\/uploads\/2015\/03\/min-de-gobierno-con-sec-de-gobierno-de-la-municipalidad1.jpg 500w, http:\/\/argentinamunicipal.com.ar\/argentina\/wp-content\/uploads\/2015\/03\/min-de-gobierno-con-sec-de-gobierno-de-la-municipalidad1-300x225.jpg 300w\" sizes=\"auto, (max-width: 500px) 100vw, 500px\" \/><\/a>Con fondos nacionales, y a trav\u00e9s de un trabajo articulado entre la Naci\u00f3n, la Provincia y los municipios, se invertir\u00e1n 3,5 millones de pesos para mejorar la atenci\u00f3n al ciudadano.<\/p>\n<p>El pr\u00f3ximo mi\u00e9rcoles 4 de marzo se firmar\u00e1 un convenio entre la Secretar\u00eda de Asuntos Municipales de la Naci\u00f3n, el Gobierno provincial y 13 municipios salte\u00f1os, mediante el cual se financiar\u00e1 el fortalecimiento institucional de las comunas para mejorar la atenci\u00f3n al ciudadano.<\/p>\n<p>En una reuni\u00f3n encabezada por el ministro de Gobierno, Juan Pablo Rodr\u00edguez, en la que particip\u00f3 el coordinador NOA del organismo nacional, Santiago Gerber, el secretario de Gobierno del municipio capitalino, Mauro Sabbadini y el secretario de Estado de Gobierno, Santiago Godoy (h), se avanz\u00f3 en la implementaci\u00f3n del Programa de Atenci\u00f3n al Ciudadano que lleva adelante la Naci\u00f3n en colaboraci\u00f3n con los gobiernos locales y municipales.<\/p>\n<p>Para ello, se financiar\u00e1 con fondos nacionales equipamiento y mobiliario para la optimizaci\u00f3n de la capacidad institucional de los municipios beneficiados, en cuanto a brindar los servicios y la atenci\u00f3n a los vecinos. La inversi\u00f3n ser\u00e1 de 3,5 millones de pesos.<\/p>\n<p>Los municipios que ser\u00e1n beneficiados por este programa son: Salta, General G\u00fcemes, La Poma, San Antonio de los Cobres, San Jos\u00e9 de Met\u00e1n, La Merced, El Tala, Animan\u00e1, General Ballivi\u00e1n, Hip\u00f3lito Yrigoyen, Angastaco, Tartagal y El Jard\u00edn.<\/p>\n<p>La implementaci\u00f3n de este programa se logr\u00f3 a partir de gestiones realizadas por el Gobierno provincial, la legisladora nacional Evita Isa, el Foro de Intendentes de Salta y el municipio capitalino.<\/p>\n<p>El ministro Rodr\u00edguez resalt\u00f3 la importancia de este convenio, \u201cya que a partir de su firma, los municipios tendr\u00e1n herramientas concretas para dotar de tecnolog\u00eda moderna y el mobiliario adecuado, que impactar\u00e1 directamente en una mejor atenci\u00f3n a los salte\u00f1os, tanto de la Capital, como del interior de la provincia\u201d.<\/p>\n<p>Afirm\u00f3 que \u201ces fundamental agilizar y optimizar el servicio que se le brinda a la gente que acude al Estado por una respuesta concreta a sus necesidades\u201d.<\/p>\n<p>Por su parte, Mauro Sabbadini se\u00f1al\u00f3 que \u201cacciones como estas forman parte de los lineamientos estrat\u00e9gicos de los gobiernos Nacional, Provincial y Municipal, que exceden a la coyuntura\u201d.<\/p>\n<p>Tambi\u00e9n se\u00f1al\u00f3 que \u201ccon la aplicaci\u00f3n del Programa de Atenci\u00f3n al Ciudadano, se renueva el compromiso permanente de los gobiernos locales, especialmente el de la Ciudad de Salta, de estar al servicio de la gente\u201d.<\/p>\n<h6>Fuente: Cable a Tierra<\/h6>\n","protected":false},"excerpt":{"rendered":"<p>Con fondos nacionales, y a trav\u00e9s de un trabajo articulado entre la Naci\u00f3n, la Provincia y los municipios, se invertir\u00e1n 3,5 millones de pesos para mejorar la atenci\u00f3n al ciudadano. El pr\u00f3ximo mi\u00e9rcoles 4 de marzo se firmar\u00e1 un convenio entre la Secretar\u00eda de Asuntos Municipales de la Naci\u00f3n, el Gobierno provincial y 13 municipios<\/p>\n","protected":false},"author":2,"featured_media":25487,"comment_status":"closed","ping_status":"closed","sticky":false,"template":"","format":"standard","meta":{"footnotes":""},"categories":[2],"tags":[9],"class_list":["post-25486","post","type-post","status-publish","format-standard","has-post-thumbnail","hentry","category-informe-municipal","tag-salta"],"_links":{"self":[{"href":"http:\/\/argentinamunicipal.com.ar\/argentina\/wp-json\/wp\/v2\/posts\/25486","targetHints":{"allow":["GET"]}}],"collection":[{"href":"http:\/\/argentinamunicipal.com.ar\/argentina\/wp-json\/wp\/v2\/posts"}],"about":[{"href":"http:\/\/argentinamunicipal.com.ar\/argentina\/wp-json\/wp\/v2\/types\/post"}],"author":[{"embeddable":true,"href":"http:\/\/argentinamunicipal.com.ar\/argentina\/wp-json\/wp\/v2\/users\/2"}],"replies":[{"embeddable":true,"href":"http:\/\/argentinamunicipal.com.ar\/argentina\/wp-json\/wp\/v2\/comments?post=25486"}],"version-history":[{"count":0,"href":"http:\/\/argentinamunicipal.com.ar\/argentina\/wp-json\/wp\/v2\/posts\/25486\/revisions"}],"wp:featuredmedia":[{"embeddable":true,"href":"http:\/\/argentinamunicipal.com.ar\/argentina\/wp-json\/wp\/v2\/media\/25487"}],"wp:attachment":[{"href":"http:\/\/argentinamunicipal.com.ar\/argentina\/wp-json\/wp\/v2\/media?parent=25486"}],"wp:term":[{"taxonomy":"category","embeddable":true,"href":"http:\/\/argentinamunicipal.com.ar\/argentina\/wp-json\/wp\/v2\/categories?post=25486"},{"taxonomy":"post_tag","embeddable":true,"href":"http:\/\/argentinamunicipal.com.ar\/argentina\/wp-json\/wp\/v2\/tags?post=25486"}],"curies":[{"name":"wp","href":"https:\/\/api.w.org\/{rel}","templated":true}]}}