{"id":25489,"date":"2015-03-03T10:02:49","date_gmt":"2015-03-03T13:02:49","guid":{"rendered":"http:\/\/argentinamunicipal.com.ar\/argentina\/?p=25489"},"modified":"2015-03-03T10:02:49","modified_gmt":"2015-03-03T13:02:49","slug":"la-municipalidad-de-salta-firmo-un-acta-acuerdo-con-protectoras-de-animales-por-la-traccion-a-sangre","status":"publish","type":"post","link":"http:\/\/argentinamunicipal.com.ar\/argentina\/la-municipalidad-de-salta-firmo-un-acta-acuerdo-con-protectoras-de-animales-por-la-traccion-a-sangre\/","title":{"rendered":"La Municipalidad de Salta firm\u00f3 un acta acuerdo con protectoras de animales por la Tracci\u00f3n a Sangre."},"content":{"rendered":"<p><a href=\"http:\/\/argentinamunicipal.com.ar\/argentina\/wp-content\/uploads\/2015\/03\/firma-acta-acuerdo.jpg\"><img loading=\"lazy\" decoding=\"async\" class=\"alignleft size-full wp-image-25490\" src=\"http:\/\/argentinamunicipal.com.ar\/argentina\/wp-content\/uploads\/2015\/03\/firma-acta-acuerdo.jpg\" alt=\"firma-acta-acuerdo\" width=\"551\" height=\"413\" srcset=\"http:\/\/argentinamunicipal.com.ar\/argentina\/wp-content\/uploads\/2015\/03\/firma-acta-acuerdo.jpg 551w, http:\/\/argentinamunicipal.com.ar\/argentina\/wp-content\/uploads\/2015\/03\/firma-acta-acuerdo-300x225.jpg 300w\" sizes=\"auto, (max-width: 551px) 100vw, 551px\" \/><\/a>Como resultado del di\u00e1logo y consenso establecido entre la Municipalidad y las asociaciones protectoras de animales, ayer se firm\u00f3 un acta acuerdo a fin de sentar bases en el abordaje de la Tracci\u00f3n Animal a Sangre (TAS) y la inclusi\u00f3n laboral de las familias carreras.<\/p>\n<p>Por parte del municipio estuvieron presentes el secretario de Gobierno, Mauro Sabbadini y el subsecretario de Servicios P\u00fablicos y Control Ambiental, Normando Zu\u00f1iga. Por el lado de las protectoras, participaron titulares de la Fundaci\u00f3n San Roque; Protectoras de Animales Salta (PAS) y LUBA Salta (Lucha por el bienestar del animal).<\/p>\n<p>\u201cEsta firma representa un paso fundamental en el trabajo que se viene realizando hace varios meses con las asociaciones proteccionistas\u201d, destac\u00f3 Sabbadini quien a su vez resalt\u00f3 que el acuerdo suma \u201ca la labor abordada por el intendente Miguel Isa, quien dispuso la conformaci\u00f3n de una mesa de trabajo con todo el ejecutivo municipal para una soluci\u00f3n inmediata\u201d.<\/p>\n<p>La mesa de trabajo est\u00e1 integrada tambi\u00e9n por la Secretaria de Tr\u00e1nsito y Seguridad Vial; Facultad de Veterinaria de la Universidad Cat\u00f3lica de Salta y Direcci\u00f3n de Zoonosis de la Municipalidad.<\/p>\n<p>El pr\u00f3ximo jueves, en el CCM, tendr\u00e1 lugar una reuni\u00f3n con miembros del Concejo Deliberante.<\/p>\n<p><strong>Voces a favor de los animales<\/strong><\/p>\n<p>\u201cA trav\u00e9s de este acuerdo garantizamos que el municipio trabaje no s\u00f3lo en la erradicaci\u00f3n de la tracci\u00f3n a sangre, sino tambi\u00e9n en la inclusi\u00f3n de la comunidad carrera en un trabajo formal. Consideramos este paso como hist\u00f3rico a nivel proteccionista\u201d, expres\u00f3 Lucas I\u00f1igo, representante de PAS.<\/p>\n<p>Por \u00faltimo, Elva Pereyra de la Fundaci\u00f3n San Roque, precis\u00f3 que paso a paso se va trabajando en el programa establecido en la primera reuni\u00f3n. \u201cEstamos conformes por el avance, este acuerdo es el principio de un trabajo exhaustivo sobre una problem\u00e1tica profunda. Entendemos que el cambio no es inmediato, pero estamos atentos y trabajando para ello\u201d, finaliz\u00f3.<\/p>\n<h6>Fuente: Cable a Tierra<\/h6>\n","protected":false},"excerpt":{"rendered":"<p>Como resultado del di\u00e1logo y consenso establecido entre la Municipalidad y las asociaciones protectoras de animales, ayer se firm\u00f3 un acta acuerdo a fin de sentar bases en el abordaje de la Tracci\u00f3n Animal a Sangre (TAS) y la inclusi\u00f3n laboral de las familias carreras. Por parte del municipio estuvieron presentes el secretario de Gobierno,<\/p>\n","protected":false},"author":2,"featured_media":25490,"comment_status":"closed","ping_status":"closed","sticky":false,"template":"","format":"standard","meta":{"footnotes":""},"categories":[2],"tags":[9],"class_list":["post-25489","post","type-post","status-publish","format-standard","has-post-thumbnail","hentry","category-informe-municipal","tag-salta"],"_links":{"self":[{"href":"http:\/\/argentinamunicipal.com.ar\/argentina\/wp-json\/wp\/v2\/posts\/25489","targetHints":{"allow":["GET"]}}],"collection":[{"href":"http:\/\/argentinamunicipal.com.ar\/argentina\/wp-json\/wp\/v2\/posts"}],"about":[{"href":"http:\/\/argentinamunicipal.com.ar\/argentina\/wp-json\/wp\/v2\/types\/post"}],"author":[{"embeddable":true,"href":"http:\/\/argentinamunicipal.com.ar\/argentina\/wp-json\/wp\/v2\/users\/2"}],"replies":[{"embeddable":true,"href":"http:\/\/argentinamunicipal.com.ar\/argentina\/wp-json\/wp\/v2\/comments?post=25489"}],"version-history":[{"count":0,"href":"http:\/\/argentinamunicipal.com.ar\/argentina\/wp-json\/wp\/v2\/posts\/25489\/revisions"}],"wp:featuredmedia":[{"embeddable":true,"href":"http:\/\/argentinamunicipal.com.ar\/argentina\/wp-json\/wp\/v2\/media\/25490"}],"wp:attachment":[{"href":"http:\/\/argentinamunicipal.com.ar\/argentina\/wp-json\/wp\/v2\/media?parent=25489"}],"wp:term":[{"taxonomy":"category","embeddable":true,"href":"http:\/\/argentinamunicipal.com.ar\/argentina\/wp-json\/wp\/v2\/categories?post=25489"},{"taxonomy":"post_tag","embeddable":true,"href":"http:\/\/argentinamunicipal.com.ar\/argentina\/wp-json\/wp\/v2\/tags?post=25489"}],"curies":[{"name":"wp","href":"https:\/\/api.w.org\/{rel}","templated":true}]}}