{"id":25492,"date":"2015-03-03T10:05:56","date_gmt":"2015-03-03T13:05:56","guid":{"rendered":"http:\/\/argentinamunicipal.com.ar\/argentina\/?p=25492"},"modified":"2015-03-03T10:05:56","modified_gmt":"2015-03-03T13:05:56","slug":"gestionan-la-apertura-de-una-oficina-de-empleo-en-las-termas-de-rio-hondo","status":"publish","type":"post","link":"http:\/\/argentinamunicipal.com.ar\/argentina\/gestionan-la-apertura-de-una-oficina-de-empleo-en-las-termas-de-rio-hondo\/","title":{"rendered":"Gestionan la apertura de una Oficina de Empleo en las Termas de R\u00edo Hondo"},"content":{"rendered":"<p><a href=\"http:\/\/argentinamunicipal.com.ar\/argentina\/wp-content\/uploads\/2015\/03\/51503578.jpg\"><img loading=\"lazy\" decoding=\"async\" class=\"aligncenter size-full wp-image-25493\" src=\"http:\/\/argentinamunicipal.com.ar\/argentina\/wp-content\/uploads\/2015\/03\/51503578.jpg\" alt=\"51503578\" width=\"500\" height=\"375\" srcset=\"http:\/\/argentinamunicipal.com.ar\/argentina\/wp-content\/uploads\/2015\/03\/51503578.jpg 500w, http:\/\/argentinamunicipal.com.ar\/argentina\/wp-content\/uploads\/2015\/03\/51503578-300x225.jpg 300w\" sizes=\"auto, (max-width: 500px) 100vw, 500px\" \/><\/a><br \/>\nMukdise mantuvo reuniones con funcionarios nacionales. Hubo acuerdos por empleos y contaminaci\u00f3n.<\/p>\n<p>El intendente de la ciudad de Las Termas de R\u00edo Hondo se reuni\u00f3 d\u00edas pasados con el secretario de Empleo de la Naci\u00f3n, Mat\u00edas Barroteave\u00f1a, con quien avanz\u00f3 en tratativas para la apertura de una delegaci\u00f3n de la Oficina de Empleo en la \u201cCiudad Spa\u201d.<\/p>\n<p>Tambi\u00e9n el jefe comunal mantuvo un encuentro con el director de Producci\u00f3n Limpia, de la Secretar\u00eda de Medio Ambiente de la Naci\u00f3n, Jos\u00e9 Manuel Varela, con quien se arm\u00f3 una agenda de trabajo con el fin de mantener mayores controles para luchar contra la contaminaci\u00f3n de la cuenca Sal\u00ed-Dulce.<\/p>\n<p>Mukdise culmin\u00f3 una serie de encuentros productivos con autoridades nacionales, ya que tambi\u00e9n firm\u00f3 acuerdos con el licenciado Daniel Enrique Helbig, de la Direcci\u00f3n de Servicios de Empleos, Gabriel Ben\u00edtez y el coordinador de Gesti\u00f3n Municipal Peter Sundheimer, para desarrollar y mejorar la inclusi\u00f3n social, teniendo como eje la capacitaci\u00f3n laboral, social y la creaci\u00f3n de empleos genuinos.<\/p>\n<p>El Intendente dijo que estas gestiones son fundamentales y vitales para crear mayores oportunidades para los termenses.<\/p>\n<h6>Fuente: Nuevo Diario<\/h6>\n","protected":false},"excerpt":{"rendered":"<p>Mukdise mantuvo reuniones con funcionarios nacionales. Hubo acuerdos por empleos y contaminaci\u00f3n. El intendente de la ciudad de Las Termas de R\u00edo Hondo se reuni\u00f3 d\u00edas pasados con el secretario de Empleo de la Naci\u00f3n, Mat\u00edas Barroteave\u00f1a, con quien avanz\u00f3 en tratativas para la apertura de una delegaci\u00f3n de la Oficina de Empleo en la<\/p>\n","protected":false},"author":2,"featured_media":25493,"comment_status":"closed","ping_status":"closed","sticky":false,"template":"","format":"standard","meta":{"footnotes":""},"categories":[2],"tags":[37],"class_list":["post-25492","post","type-post","status-publish","format-standard","has-post-thumbnail","hentry","category-informe-municipal","tag-santiago-del-estero"],"_links":{"self":[{"href":"http:\/\/argentinamunicipal.com.ar\/argentina\/wp-json\/wp\/v2\/posts\/25492","targetHints":{"allow":["GET"]}}],"collection":[{"href":"http:\/\/argentinamunicipal.com.ar\/argentina\/wp-json\/wp\/v2\/posts"}],"about":[{"href":"http:\/\/argentinamunicipal.com.ar\/argentina\/wp-json\/wp\/v2\/types\/post"}],"author":[{"embeddable":true,"href":"http:\/\/argentinamunicipal.com.ar\/argentina\/wp-json\/wp\/v2\/users\/2"}],"replies":[{"embeddable":true,"href":"http:\/\/argentinamunicipal.com.ar\/argentina\/wp-json\/wp\/v2\/comments?post=25492"}],"version-history":[{"count":0,"href":"http:\/\/argentinamunicipal.com.ar\/argentina\/wp-json\/wp\/v2\/posts\/25492\/revisions"}],"wp:featuredmedia":[{"embeddable":true,"href":"http:\/\/argentinamunicipal.com.ar\/argentina\/wp-json\/wp\/v2\/media\/25493"}],"wp:attachment":[{"href":"http:\/\/argentinamunicipal.com.ar\/argentina\/wp-json\/wp\/v2\/media?parent=25492"}],"wp:term":[{"taxonomy":"category","embeddable":true,"href":"http:\/\/argentinamunicipal.com.ar\/argentina\/wp-json\/wp\/v2\/categories?post=25492"},{"taxonomy":"post_tag","embeddable":true,"href":"http:\/\/argentinamunicipal.com.ar\/argentina\/wp-json\/wp\/v2\/tags?post=25492"}],"curies":[{"name":"wp","href":"https:\/\/api.w.org\/{rel}","templated":true}]}}