{"id":25495,"date":"2015-03-03T10:07:49","date_gmt":"2015-03-03T13:07:49","guid":{"rendered":"http:\/\/argentinamunicipal.com.ar\/argentina\/?p=25495"},"modified":"2015-03-03T10:07:49","modified_gmt":"2015-03-03T13:07:49","slug":"tucuman-escuelas-municipales-comenzaron-el-ciclo-lectivo","status":"publish","type":"post","link":"http:\/\/argentinamunicipal.com.ar\/argentina\/tucuman-escuelas-municipales-comenzaron-el-ciclo-lectivo\/","title":{"rendered":"Tucum\u00e1n: Escuelas municipales comenzaron el ciclo lectivo"},"content":{"rendered":"<p><a href=\"http:\/\/argentinamunicipal.com.ar\/argentina\/wp-content\/uploads\/2015\/03\/008049.jpg\"><img loading=\"lazy\" decoding=\"async\" class=\"aligncenter size-full wp-image-25496\" src=\"http:\/\/argentinamunicipal.com.ar\/argentina\/wp-content\/uploads\/2015\/03\/008049.jpg\" alt=\"008049\" width=\"532\" height=\"365\" srcset=\"http:\/\/argentinamunicipal.com.ar\/argentina\/wp-content\/uploads\/2015\/03\/008049.jpg 532w, http:\/\/argentinamunicipal.com.ar\/argentina\/wp-content\/uploads\/2015\/03\/008049-300x206.jpg 300w\" sizes=\"auto, (max-width: 532px) 100vw, 532px\" \/><\/a><br \/>\nEl Intendente Domingo Amaya, acompa\u00f1ado del Secretario de Gobierno Germ\u00e1n Alfaro, encabez\u00f3 ayer el acto oficial de inicio del ciclo lectivo 2015 que se realiz\u00f3 en la Escuela Municipal Alfonsina Storni, ubicada en calle Ricardo Rojas al 300.<\/p>\n<p>Amaya destac\u00f3 que \u201cVenimos sosteniendo la educaci\u00f3n municipal, no s\u00f3lo con palabras, sino invirtiendo en educaci\u00f3n. Cada a\u00f1o lectivo, las escuelas est\u00e1n remodeladas, arregladas, como en el caso de este establecimiento que cuenta con nuevo mobiliario para los chicos\u201d.<\/p>\n<p>El Intendente \u00a0reclac\u00f3 tambi\u00e9n el trabajo mancomunado del cuerpo docente municipal junto a los padres de los alumnos. \u201cVemos cada a\u00f1o que las familias quieren incorporar m\u00e1s alumnos, eso nos hace sentir orgullosos porque significa que estamos brindando educaci\u00f3n de calidad\u201d.<\/p>\n<p>Del acto, que dio inicio al ciclo lectivo en las escuelas municipales Alfonsina Storni, Gabriela Mistral y los Jardines de Infantes \u201cQuerubines\u201d, \u201cSemillitas\u201d, \u201cEspiguitas\u201d y \u201cArdillitas\u201d tambi\u00e9n participaron la Secretaria de Pol\u00edticas Culturales Municipal, Susana Montaldo, la Directora de Educaci\u00f3n, Juana Gonz\u00e1lez, padres, alumnos y vecinos de la zona.<\/p>\n<h6>Fuente: Tucum\u00e1n Hoy<\/h6>\n","protected":false},"excerpt":{"rendered":"<p>El Intendente Domingo Amaya, acompa\u00f1ado del Secretario de Gobierno Germ\u00e1n Alfaro, encabez\u00f3 ayer el acto oficial de inicio del ciclo lectivo 2015 que se realiz\u00f3 en la Escuela Municipal Alfonsina Storni, ubicada en calle Ricardo Rojas al 300. Amaya destac\u00f3 que \u201cVenimos sosteniendo la educaci\u00f3n municipal, no s\u00f3lo con palabras, sino invirtiendo en educaci\u00f3n. Cada<\/p>\n","protected":false},"author":2,"featured_media":25496,"comment_status":"closed","ping_status":"closed","sticky":false,"template":"","format":"standard","meta":{"footnotes":""},"categories":[2],"tags":[33],"class_list":["post-25495","post","type-post","status-publish","format-standard","has-post-thumbnail","hentry","category-informe-municipal","tag-tucuman"],"_links":{"self":[{"href":"http:\/\/argentinamunicipal.com.ar\/argentina\/wp-json\/wp\/v2\/posts\/25495","targetHints":{"allow":["GET"]}}],"collection":[{"href":"http:\/\/argentinamunicipal.com.ar\/argentina\/wp-json\/wp\/v2\/posts"}],"about":[{"href":"http:\/\/argentinamunicipal.com.ar\/argentina\/wp-json\/wp\/v2\/types\/post"}],"author":[{"embeddable":true,"href":"http:\/\/argentinamunicipal.com.ar\/argentina\/wp-json\/wp\/v2\/users\/2"}],"replies":[{"embeddable":true,"href":"http:\/\/argentinamunicipal.com.ar\/argentina\/wp-json\/wp\/v2\/comments?post=25495"}],"version-history":[{"count":0,"href":"http:\/\/argentinamunicipal.com.ar\/argentina\/wp-json\/wp\/v2\/posts\/25495\/revisions"}],"wp:featuredmedia":[{"embeddable":true,"href":"http:\/\/argentinamunicipal.com.ar\/argentina\/wp-json\/wp\/v2\/media\/25496"}],"wp:attachment":[{"href":"http:\/\/argentinamunicipal.com.ar\/argentina\/wp-json\/wp\/v2\/media?parent=25495"}],"wp:term":[{"taxonomy":"category","embeddable":true,"href":"http:\/\/argentinamunicipal.com.ar\/argentina\/wp-json\/wp\/v2\/categories?post=25495"},{"taxonomy":"post_tag","embeddable":true,"href":"http:\/\/argentinamunicipal.com.ar\/argentina\/wp-json\/wp\/v2\/tags?post=25495"}],"curies":[{"name":"wp","href":"https:\/\/api.w.org\/{rel}","templated":true}]}}