{"id":25501,"date":"2015-03-03T10:14:48","date_gmt":"2015-03-03T13:14:48","guid":{"rendered":"http:\/\/argentinamunicipal.com.ar\/argentina\/?p=25501"},"modified":"2015-03-03T10:14:48","modified_gmt":"2015-03-03T13:14:48","slug":"el-mes-proximo-comenzaria-a-funcionar-en-san-juan-la-fabrica-de-paneles-solares","status":"publish","type":"post","link":"http:\/\/argentinamunicipal.com.ar\/argentina\/el-mes-proximo-comenzaria-a-funcionar-en-san-juan-la-fabrica-de-paneles-solares\/","title":{"rendered":"El mes pr\u00f3ximo comenzar\u00eda a funcionar en San Juan la f\u00e1brica de paneles solares"},"content":{"rendered":"<p><a href=\"http:\/\/argentinamunicipal.com.ar\/argentina\/wp-content\/uploads\/2015\/03\/022315_2249_Energafotov1.jpg\"><img loading=\"lazy\" decoding=\"async\" class=\"aligncenter size-full wp-image-25502\" src=\"http:\/\/argentinamunicipal.com.ar\/argentina\/wp-content\/uploads\/2015\/03\/022315_2249_Energafotov1.jpg\" alt=\"022315_2249_Energafotov1\" width=\"504\" height=\"338\" srcset=\"http:\/\/argentinamunicipal.com.ar\/argentina\/wp-content\/uploads\/2015\/03\/022315_2249_Energafotov1.jpg 504w, http:\/\/argentinamunicipal.com.ar\/argentina\/wp-content\/uploads\/2015\/03\/022315_2249_Energafotov1-300x201.jpg 300w\" sizes=\"auto, (max-width: 504px) 100vw, 504px\" \/><\/a><\/p>\n<p>Una importante cantidad de paneles solares ya llegaron a la provincia para ser instalados en la f\u00e1brica que se construir\u00e1 en el Parque Industrial de 9 de Julio, pero a\u00fan no pueden ser instalados por problemas en el suelo.<\/p>\n<p>Seg\u00fan explic\u00f3 el ministro de Infraestructura, Jos\u00e9 Strada, hay otra cantidad importante que est\u00e1 en Buenos Aires, mientras que otro grupo est\u00e1n en Alemania, listos para traerlos a San Juan.<\/p>\n<p>\u201cEl problema que tuvimos es que algunos estudios espec\u00edficos del suelo determinaron la necesidad de hacer un recalculo de las estructuras, pero no es un camino cr\u00edtico\u201d, se\u00f1al\u00f3 el ministro.<\/p>\n<p>Strada asegur\u00f3 que la construcci\u00f3n de la obra civil est\u00e1 a punto de arrancar y, si todo marcha bien, la f\u00e1brica podr\u00eda comenzar a funcionar el mes pr\u00f3ximo.<\/p>\n<p>\u201cActualmente estamos cumpliendo con una serie de estudios de perforaciones en distintos lugares, pero vamos a estar con el edificio en tiempo y forma\u201d, se\u00f1al\u00f3 el titular de Infraestructura de la Provincia.<\/p>\n<p>Explic\u00f3 adem\u00e1s que las m\u00e1quinas de las f\u00e1bricas\u00a0 llegan desguazadas porque al pa\u00eds llegan por parte y se comienzan a armar en Argentina.<\/p>\n<p>\u201cRecordemos que esta f\u00e1brica trabaja con cadenas de producci\u00f3n por eso llega todo en parte, que lleva su tiempo el armado\u201d, sostuvo Strada.<\/p>\n<p>En Alemania, la fabricaci\u00f3n de los componentes arrancaron hace tiempo, de los cuales han llegado un grupo al pa\u00eds y est\u00e1 prevista el arribo a la provincia en secuencia.<\/p>\n<p>Sin embargo, todo ello no influye en la obra civil, seg\u00fan detall\u00f3 el ministro.<\/p>\n<p>\u201cLa obra civil va por otro lado y tuvo una leve demora respecto de la planificaci\u00f3n original, por el problema del suelo, pero no habr\u00e1 inconveniente\u201d.<\/p>\n<p>El 25 de octubre se coloc\u00f3 la piedra basal de la futura f\u00e1brica de paneles que, en su tipo, es la primera que se instala en Latinoam\u00e9rica con una inversi\u00f3n estimada en m\u00e1s de 1.500 millones de pesos. La misma generar\u00e1 300 puestos de trabajo directos y otros 1.200 indirectos, adem\u00e1s de requerir el desarrollo industrial para al menos 65 subproductos.<\/p>\n<p>Cabe recordar que, en realidad son cuatro f\u00e1bricas en una, ya que en la planta de 15.700 metros cuadrados de superficie habr\u00e1 una f\u00e1brica de lingotes de silicio, una f\u00e1brica de obleas cristalinas de silicio, una f\u00e1brica de celdas fotovoltaicas y una f\u00e1brica de paneles solares fotovoltaicos.<\/p>\n<p>Esta planta tiene como objetivos \u201cotorgar valor agregado nacional en tecnolog\u00edas nuevas, dar un incentivo a la industria nacional, promover el conocimiento humano avanzado y el entrenamiento en tecnolog\u00edas de punta y la sustituci\u00f3n de importaciones de componentes de la cadena solar, combustibles l\u00edquidos y gas.<\/p>\n<p>La planta tendr\u00e1 la caracter\u00edstica de la integraci\u00f3n vertical porque incluir\u00e1 a todas las etapas productivas, desde la extracci\u00f3n de la materia prima estrat\u00e9gica que es el cuarzo de San Juan, hasta la fabricaci\u00f3n de los paneles solares.<\/p>\n<p>All\u00ed, se realizar\u00e1 todo el proceso industrial, empezando por la obtenci\u00f3n del silicio grado solar, fundiendo el cuarzo en un crisol a alt\u00edsimas temperaturas, a lo que se le sumerge un peque\u00f1o microcristal de silicio que act\u00faa como semilla para formar el lingote de forma cil\u00edndrica.<\/p>\n<p>Ese primer producto industrial, ser\u00e1 recortado en obleas utilizando t\u00e9cnicas de alta precisi\u00f3n, las que se utilizan para fabricar las celdas solares mediante un proceso de varias fases que incluyen un grabado qu\u00edmico, recubrimiento y aplicaci\u00f3n de contactos el\u00e9ctricos para que puedan generar energ\u00eda ante la acci\u00f3n del sol.<\/p>\n<p>Posteriormente, en la f\u00e1brica se realizar\u00e1 la conexi\u00f3n de varias celdas para formar series, colocadas en un pol\u00edmero duradero llamado EVA y vidrio, tras lo que unidas por sus conductores, se las proteger\u00e1 con un marco de aluminio con lo que quedar\u00e1 terminando el m\u00f3dulo que permite obtener energ\u00eda el\u00e9ctrica de la luz del sol.<\/p>\n<h6>Fuente: El Zonda<\/h6>\n","protected":false},"excerpt":{"rendered":"<p>Una importante cantidad de paneles solares ya llegaron a la provincia para ser instalados en la f\u00e1brica que se construir\u00e1 en el Parque Industrial de 9 de Julio, pero a\u00fan no pueden ser instalados por problemas en el suelo. Seg\u00fan explic\u00f3 el ministro de Infraestructura, Jos\u00e9 Strada, hay otra cantidad importante que est\u00e1 en Buenos<\/p>\n","protected":false},"author":2,"featured_media":25502,"comment_status":"closed","ping_status":"closed","sticky":false,"template":"","format":"standard","meta":{"footnotes":""},"categories":[2],"tags":[32],"class_list":["post-25501","post","type-post","status-publish","format-standard","has-post-thumbnail","hentry","category-informe-municipal","tag-san-juan"],"_links":{"self":[{"href":"http:\/\/argentinamunicipal.com.ar\/argentina\/wp-json\/wp\/v2\/posts\/25501","targetHints":{"allow":["GET"]}}],"collection":[{"href":"http:\/\/argentinamunicipal.com.ar\/argentina\/wp-json\/wp\/v2\/posts"}],"about":[{"href":"http:\/\/argentinamunicipal.com.ar\/argentina\/wp-json\/wp\/v2\/types\/post"}],"author":[{"embeddable":true,"href":"http:\/\/argentinamunicipal.com.ar\/argentina\/wp-json\/wp\/v2\/users\/2"}],"replies":[{"embeddable":true,"href":"http:\/\/argentinamunicipal.com.ar\/argentina\/wp-json\/wp\/v2\/comments?post=25501"}],"version-history":[{"count":0,"href":"http:\/\/argentinamunicipal.com.ar\/argentina\/wp-json\/wp\/v2\/posts\/25501\/revisions"}],"wp:featuredmedia":[{"embeddable":true,"href":"http:\/\/argentinamunicipal.com.ar\/argentina\/wp-json\/wp\/v2\/media\/25502"}],"wp:attachment":[{"href":"http:\/\/argentinamunicipal.com.ar\/argentina\/wp-json\/wp\/v2\/media?parent=25501"}],"wp:term":[{"taxonomy":"category","embeddable":true,"href":"http:\/\/argentinamunicipal.com.ar\/argentina\/wp-json\/wp\/v2\/categories?post=25501"},{"taxonomy":"post_tag","embeddable":true,"href":"http:\/\/argentinamunicipal.com.ar\/argentina\/wp-json\/wp\/v2\/tags?post=25501"}],"curies":[{"name":"wp","href":"https:\/\/api.w.org\/{rel}","templated":true}]}}