{"id":25507,"date":"2015-03-03T10:20:24","date_gmt":"2015-03-03T13:20:24","guid":{"rendered":"http:\/\/argentinamunicipal.com.ar\/argentina\/?p=25507"},"modified":"2015-03-03T10:20:24","modified_gmt":"2015-03-03T13:20:24","slug":"problemas-en-la-autopista-a-santa-fe-y-en-la-zona-centro-por-la-acumulacion-de-agua","status":"publish","type":"post","link":"http:\/\/argentinamunicipal.com.ar\/argentina\/problemas-en-la-autopista-a-santa-fe-y-en-la-zona-centro-por-la-acumulacion-de-agua\/","title":{"rendered":"Problemas en la autopista a Santa Fe y en la zona centro por la acumulaci\u00f3n de agua"},"content":{"rendered":"<div id=\"attachment_25508\" style=\"width: 631px\" class=\"wp-caption aligncenter\"><a href=\"http:\/\/argentinamunicipal.com.ar\/argentina\/wp-content\/uploads\/2015\/03\/03-03-aautopistacortada.jpg_88717827.jpg\"><img loading=\"lazy\" decoding=\"async\" aria-describedby=\"caption-attachment-25508\" class=\"size-full wp-image-25508\" src=\"http:\/\/argentinamunicipal.com.ar\/argentina\/wp-content\/uploads\/2015\/03\/03-03-aautopistacortada.jpg_88717827.jpg\" alt=\"Puente sobre el arroyo Colastin\u00e9, ayer estaba intransitable\" width=\"621\" height=\"465\" srcset=\"http:\/\/argentinamunicipal.com.ar\/argentina\/wp-content\/uploads\/2015\/03\/03-03-aautopistacortada.jpg_88717827.jpg 621w, http:\/\/argentinamunicipal.com.ar\/argentina\/wp-content\/uploads\/2015\/03\/03-03-aautopistacortada.jpg_88717827-300x225.jpg 300w\" sizes=\"auto, (max-width: 621px) 100vw, 621px\" \/><\/a><p id=\"caption-attachment-25508\" class=\"wp-caption-text\">Puente sobre el arroyo Colastin\u00e9, ayer estaba intransitable<\/p><\/div>\n<p>En la capital de la provincia el intendente Jos\u00e9 Corral decidi\u00f3 suspender las actividades comerciales y la circulaci\u00f3n del transporte p\u00fablico debido a la copiosa lluvia que cay\u00f3 en pocas horas.<\/p>\n<p>Las lluvias que se produjeron en las \u00faltimas horas en un vasto sector en la provincia siguen causando problemas en el tr\u00e1nsito por las rutas y en varias localidades cuyas calles quedaron anegadas debido a la acumulaci\u00f3n de agua.<\/p>\n<p>La situaci\u00f3n m\u00e1s compleja se est\u00e1 dando en la capital de la provincia, donde el intendente Jos\u00e9 Corrral orden\u00f3 suspender las actividades comerciales y la circulaci\u00f3n del transporte p\u00fablico durante la ma\u00f1ana debido a la acumulaic\u00f3n de agua.<\/p>\n<p>Adem\u00e1s, el tr\u00e1nsito sobre la autopista a Santa Fe continuaba restringido esta ma\u00f1ana debido al desborde del del arroyo Colastin\u00e9, mientras que la ruta nacional 11 estaba habilitada s\u00f3lo para el paso de veh\u00edculos livianos.<\/p>\n<p>As\u00ed lo manifest\u00f3 hoy el titular de la Direcci\u00f3n de Protecci\u00f3n Civil de la provincia, Marcos Escajadillos, quien agreg\u00f3 que la situaci\u00f3n m\u00e1s compleja se verifica en las zonas centro y norte de la provincia.<\/p>\n<p>En declaraciones al programa \u00abEl primero de la ma\u00f1ana\u00bb de La Ocho,\u00a0Escajadillo expres\u00f3: \u00abSe est\u00e1n haciendo relevamientos en municipios y comunas del \u00e1rea central. En la ciudad de Santa Fe, la cantidad de lluvia ca\u00edda fue entre 50 y 70 mil\u00edmetros en pocas horas, seg\u00fan los distintos lugares y est\u00e1 activado los protocolos de emergencias tanto de las \u00e1reas locales como de los bomberos voluntarios\u00bb, agreg\u00f3.<\/p>\n<p>Desde la Agencia Provincial de Seguridad Vial indicaron que debido a la acumulaci\u00f3n de agua sobre la ruta provincial 14, a la altura de Bigand, se tuvo que cortar el tr\u00e1nsito sobre esa v\u00eda. Los veh\u00edculos eran desviados por calles internas de esa localidad.<\/p>\n<p>Tambi\u00e9n el organismo recomend\u00f3 no salir de viaje hacia el centro-norte de la provincia ya que muchas rutas \u00abse encontraban intrasitables\u00bb.<\/p>\n<h6>Fuente: La Capital, Rosario<\/h6>\n","protected":false},"excerpt":{"rendered":"<p>En la capital de la provincia el intendente Jos\u00e9 Corral decidi\u00f3 suspender las actividades comerciales y la circulaci\u00f3n del transporte p\u00fablico debido a la copiosa lluvia que cay\u00f3 en pocas horas. Las lluvias que se produjeron en las \u00faltimas horas en un vasto sector en la provincia siguen causando problemas en el tr\u00e1nsito por las<\/p>\n","protected":false},"author":2,"featured_media":25508,"comment_status":"closed","ping_status":"closed","sticky":false,"template":"","format":"standard","meta":{"footnotes":""},"categories":[48],"tags":[10],"class_list":["post-25507","post","type-post","status-publish","format-standard","has-post-thumbnail","hentry","category-contingencias","tag-santa-fe"],"_links":{"self":[{"href":"http:\/\/argentinamunicipal.com.ar\/argentina\/wp-json\/wp\/v2\/posts\/25507","targetHints":{"allow":["GET"]}}],"collection":[{"href":"http:\/\/argentinamunicipal.com.ar\/argentina\/wp-json\/wp\/v2\/posts"}],"about":[{"href":"http:\/\/argentinamunicipal.com.ar\/argentina\/wp-json\/wp\/v2\/types\/post"}],"author":[{"embeddable":true,"href":"http:\/\/argentinamunicipal.com.ar\/argentina\/wp-json\/wp\/v2\/users\/2"}],"replies":[{"embeddable":true,"href":"http:\/\/argentinamunicipal.com.ar\/argentina\/wp-json\/wp\/v2\/comments?post=25507"}],"version-history":[{"count":0,"href":"http:\/\/argentinamunicipal.com.ar\/argentina\/wp-json\/wp\/v2\/posts\/25507\/revisions"}],"wp:featuredmedia":[{"embeddable":true,"href":"http:\/\/argentinamunicipal.com.ar\/argentina\/wp-json\/wp\/v2\/media\/25508"}],"wp:attachment":[{"href":"http:\/\/argentinamunicipal.com.ar\/argentina\/wp-json\/wp\/v2\/media?parent=25507"}],"wp:term":[{"taxonomy":"category","embeddable":true,"href":"http:\/\/argentinamunicipal.com.ar\/argentina\/wp-json\/wp\/v2\/categories?post=25507"},{"taxonomy":"post_tag","embeddable":true,"href":"http:\/\/argentinamunicipal.com.ar\/argentina\/wp-json\/wp\/v2\/tags?post=25507"}],"curies":[{"name":"wp","href":"https:\/\/api.w.org\/{rel}","templated":true}]}}