{"id":25513,"date":"2015-03-03T10:28:03","date_gmt":"2015-03-03T13:28:03","guid":{"rendered":"http:\/\/argentinamunicipal.com.ar\/argentina\/?p=25513"},"modified":"2015-03-03T10:28:03","modified_gmt":"2015-03-03T13:28:03","slug":"peatonales-en-salta-la-nueva-obra-comenzara-en-marzo","status":"publish","type":"post","link":"http:\/\/argentinamunicipal.com.ar\/argentina\/peatonales-en-salta-la-nueva-obra-comenzara-en-marzo\/","title":{"rendered":"Peatonales en Salta: la nueva obra comenzar\u00e1 en marzo."},"content":{"rendered":"<p><a href=\"http:\/\/argentinamunicipal.com.ar\/argentina\/wp-content\/uploads\/2015\/03\/peatonales-nuevas.jpg\"><img loading=\"lazy\" decoding=\"async\" class=\"aligncenter size-full wp-image-25514\" src=\"http:\/\/argentinamunicipal.com.ar\/argentina\/wp-content\/uploads\/2015\/03\/peatonales-nuevas.jpg\" alt=\"peatonales-nuevas\" width=\"625\" height=\"384\" srcset=\"http:\/\/argentinamunicipal.com.ar\/argentina\/wp-content\/uploads\/2015\/03\/peatonales-nuevas.jpg 625w, http:\/\/argentinamunicipal.com.ar\/argentina\/wp-content\/uploads\/2015\/03\/peatonales-nuevas-300x184.jpg 300w\" sizes=\"auto, (max-width: 625px) 100vw, 625px\" \/><\/a><br \/>\nAutoridades y asociados de la C\u00e1mara de Comercio e Industria junto a frentistas de las peatonales se reunieron con funcionarios de Obras P\u00fablicas y la COPAUPS. Se presentaron los detalles de la obra de remodelaci\u00f3n, y consensuaron el inicio en la primera semana de marzo.<\/p>\n<p>M\u00e1s de 50 comerciantes salte\u00f1os, entre autoridades y asociados de la C\u00e1mara junto a frentistas de las peatonales Alberdi y Florida del microcentro salte\u00f1o, se dieron cita en la sede de la instituci\u00f3n de calle Espa\u00f1a 339 para escuchar y observar las novedades e instancias del proyecto de remodelaci\u00f3n que se ejecutar\u00e1.<\/p>\n<p>Con una notable participaci\u00f3n, los frentistas consultaron a las autoridades de la Secretar\u00eda de Obras P\u00fablicas y de la Comisi\u00f3n para la Preservaci\u00f3n del Patrimonio Arquitect\u00f3nico y Urban\u00edstico provincial (COPAUPS) los detalles de la obra que se va a encarar. Las preocupaciones principales radican en los tiempos de ejecuci\u00f3n, la accesibilidad de los clientes a los comercios, la calidad de los materiales a utilizar y de la realizaci\u00f3n de la obra.<\/p>\n<p>De acuerdo al informe de los funcionarios la obra se realizar\u00e1 en 3 meses corridos, a raz\u00f3n de una cuadra por mes tanto de Alberdi y Florida, comenzando desde la intersecci\u00f3n con Caseros. Adem\u00e1s, Sergio Zorpudes, secretario de Obras P\u00fablicas, se comprometi\u00f3 diciendo \u201ca esta obra la vamos a hacer bien, en tiempo y forma, confiamos en las 2 empresas adjudicadas\u201d.<\/p>\n<p>Se trat\u00f3 de una presentaci\u00f3n a grandes rasgos, en la que no faltaron las sugerencias, y en la que se consensu\u00f3 que el inicio de obra se concrete inmediatamente despu\u00e9s del inicio de clases, es decir la pr\u00f3xima semana, entre lunes 2 y martes 3 de marzo.<\/p>\n<p>Desde la coordinaci\u00f3n de obra, a cargo de Carlos Garc\u00eda, se asegur\u00f3 que se construir\u00e1n 3 puentes por cuadra m\u00e1s un puente exclusivo para los comercios en cuyos frentes se est\u00e9 trabajando de acuerdo al avance.<\/p>\n<p>La obra en cuesti\u00f3n estar\u00e1 a cargo de las empresas adjudicadas Madeo y Romero Igarz\u00e1bal, ser\u00e1 coordinada por obras p\u00fablicas municipal junto a la UCODI, a trav\u00e9s de la cual se incluye a la Municipalidad de Salta, que en definitiva se har\u00e1 del mantenimiento una vez concluida.<\/p>\n<p>Otros puntos que se deben tener en cuenta son: se trabajar\u00e1 en horario diurno; se realizar\u00e1 todo lo necesario para dejar planteado el cableado subterr\u00e1neo; el piso ser\u00e1 de granito cuadriculado por escurrimiento de agua y antideslizante; en el centro se colocar\u00e1 adoqu\u00edn p\u00f3rfido; en iluminaci\u00f3n se colocar\u00e1n las farolas cl\u00e1sicas de estilo colonial y unas m\u00e1s altas para lograr mayor luminosidad a la noche, reclamo de a\u00f1os de los comerciantes de la zona. El equipamiento urbano ser\u00e1 de bancos de madera con respaldos coloniales y modernos; los canteros ser\u00e1n extra\u00eddos y se colocar\u00e1n p\u00e9rgolas.<\/p>\n<p>Encabezaron el encuentro el vicepresidente de la entidad, Javier Cornejo, el secretario general, Alejandro Peuchot, y el secretario de comercio, Jorge Vian; el secretario de obras p\u00fablicas, Sergio Zorpudes; el coordinador de la obra, Carlos Garc\u00eda; y el presidente de la COPAUPS, Guillermo Matach.<\/p>\n<h6>Fuente: Cable a Tierra<\/h6>\n","protected":false},"excerpt":{"rendered":"<p>Autoridades y asociados de la C\u00e1mara de Comercio e Industria junto a frentistas de las peatonales se reunieron con funcionarios de Obras P\u00fablicas y la COPAUPS. Se presentaron los detalles de la obra de remodelaci\u00f3n, y consensuaron el inicio en la primera semana de marzo. M\u00e1s de 50 comerciantes salte\u00f1os, entre autoridades y asociados de<\/p>\n","protected":false},"author":2,"featured_media":25514,"comment_status":"closed","ping_status":"closed","sticky":false,"template":"","format":"standard","meta":{"footnotes":""},"categories":[2],"tags":[9],"class_list":["post-25513","post","type-post","status-publish","format-standard","has-post-thumbnail","hentry","category-informe-municipal","tag-salta"],"_links":{"self":[{"href":"http:\/\/argentinamunicipal.com.ar\/argentina\/wp-json\/wp\/v2\/posts\/25513","targetHints":{"allow":["GET"]}}],"collection":[{"href":"http:\/\/argentinamunicipal.com.ar\/argentina\/wp-json\/wp\/v2\/posts"}],"about":[{"href":"http:\/\/argentinamunicipal.com.ar\/argentina\/wp-json\/wp\/v2\/types\/post"}],"author":[{"embeddable":true,"href":"http:\/\/argentinamunicipal.com.ar\/argentina\/wp-json\/wp\/v2\/users\/2"}],"replies":[{"embeddable":true,"href":"http:\/\/argentinamunicipal.com.ar\/argentina\/wp-json\/wp\/v2\/comments?post=25513"}],"version-history":[{"count":0,"href":"http:\/\/argentinamunicipal.com.ar\/argentina\/wp-json\/wp\/v2\/posts\/25513\/revisions"}],"wp:featuredmedia":[{"embeddable":true,"href":"http:\/\/argentinamunicipal.com.ar\/argentina\/wp-json\/wp\/v2\/media\/25514"}],"wp:attachment":[{"href":"http:\/\/argentinamunicipal.com.ar\/argentina\/wp-json\/wp\/v2\/media?parent=25513"}],"wp:term":[{"taxonomy":"category","embeddable":true,"href":"http:\/\/argentinamunicipal.com.ar\/argentina\/wp-json\/wp\/v2\/categories?post=25513"},{"taxonomy":"post_tag","embeddable":true,"href":"http:\/\/argentinamunicipal.com.ar\/argentina\/wp-json\/wp\/v2\/tags?post=25513"}],"curies":[{"name":"wp","href":"https:\/\/api.w.org\/{rel}","templated":true}]}}