{"id":25528,"date":"2015-03-03T10:54:56","date_gmt":"2015-03-03T13:54:56","guid":{"rendered":"http:\/\/argentinamunicipal.com.ar\/argentina\/?p=25528"},"modified":"2015-03-03T10:54:56","modified_gmt":"2015-03-03T13:54:56","slug":"el-tren-a-las-nubes-volveria-a-funcionar-a-fin-de-mes","status":"publish","type":"post","link":"http:\/\/argentinamunicipal.com.ar\/argentina\/el-tren-a-las-nubes-volveria-a-funcionar-a-fin-de-mes\/","title":{"rendered":"El Tren a las Nubes volver\u00eda a funcionar a fin de mes"},"content":{"rendered":"<p>&nbsp;<\/p>\n<p><a href=\"http:\/\/argentinamunicipal.com.ar\/argentina\/wp-content\/uploads\/2015\/03\/Tren-a-las-Nubes-1.jpg\"><img loading=\"lazy\" decoding=\"async\" class=\"aligncenter size-full wp-image-25530\" src=\"http:\/\/argentinamunicipal.com.ar\/argentina\/wp-content\/uploads\/2015\/03\/Tren-a-las-Nubes-1.jpg\" alt=\"Tren-a-las-Nubes (1)\" width=\"670\" height=\"516\" srcset=\"http:\/\/argentinamunicipal.com.ar\/argentina\/wp-content\/uploads\/2015\/03\/Tren-a-las-Nubes-1.jpg 670w, http:\/\/argentinamunicipal.com.ar\/argentina\/wp-content\/uploads\/2015\/03\/Tren-a-las-Nubes-1-300x231.jpg 300w\" sizes=\"auto, (max-width: 670px) 100vw, 670px\" \/><\/a><\/p>\n<p>Aunque no se inici\u00f3 la venta de boletos, Parodi estim\u00f3 que la fecha ser\u00e1 el 31 de marzo, cuando se cumplan ocho meses de su descarrilamiento.<\/p>\n<p>El ministro de Econom\u00eda, Carlos Parodi, inform\u00f3 hoy que el Tren de las Nubes volver\u00eda a entrar en funcionamiento el 31 de marzo despu\u00e8s de poco m\u00e1s de ocho meses desde su descarrilamiento y posterior intervenci\u00f3n de la Provincia para quitar la concesi\u00f3n a la empresa Ecotren.<\/p>\n<p>En declaraciones a FM Profesional, Parodi detall\u00f3 que todav\u00eda no est\u00e1 disponible la venta de pasajes pero esta podr\u00eda iniciarse en los pr\u00f3ximos d\u00edas.<\/p>\n<p>Sobre la estatizaci\u00f3n de los trenes, recalc\u00f3 que la responsabilidad del Tren a las Nubes es compartida: la parte t\u00e9cnica est\u00e1 a cargo del Belgrano Cargas, a trav\u00e9s de la Operadora Ferroviaria Sociedad del Estado (Sofse), mientras que los empleados y venta de pasajes corre por cuenta de la Provincia.<\/p>\n<p>Record\u00f3 tambi\u00e9n que los vagones siguen en el taller de General G\u00fcemes y que se analizan cambios de recorridos, hacer trayectos m\u00e1s cortos y otros m\u00e1s largos hasta Tolar Grande.<\/p>\n<h6>Fuente: El Tribuno, Salta<\/h6>\n","protected":false},"excerpt":{"rendered":"<p>&nbsp; Aunque no se inici\u00f3 la venta de boletos, Parodi estim\u00f3 que la fecha ser\u00e1 el 31 de marzo, cuando se cumplan ocho meses de su descarrilamiento. El ministro de Econom\u00eda, Carlos Parodi, inform\u00f3 hoy que el Tren de las Nubes volver\u00eda a entrar en funcionamiento el 31 de marzo despu\u00e8s de poco m\u00e1s de<\/p>\n","protected":false},"author":2,"featured_media":25530,"comment_status":"closed","ping_status":"closed","sticky":false,"template":"","format":"standard","meta":{"footnotes":""},"categories":[2],"tags":[9],"class_list":["post-25528","post","type-post","status-publish","format-standard","has-post-thumbnail","hentry","category-informe-municipal","tag-salta"],"_links":{"self":[{"href":"http:\/\/argentinamunicipal.com.ar\/argentina\/wp-json\/wp\/v2\/posts\/25528","targetHints":{"allow":["GET"]}}],"collection":[{"href":"http:\/\/argentinamunicipal.com.ar\/argentina\/wp-json\/wp\/v2\/posts"}],"about":[{"href":"http:\/\/argentinamunicipal.com.ar\/argentina\/wp-json\/wp\/v2\/types\/post"}],"author":[{"embeddable":true,"href":"http:\/\/argentinamunicipal.com.ar\/argentina\/wp-json\/wp\/v2\/users\/2"}],"replies":[{"embeddable":true,"href":"http:\/\/argentinamunicipal.com.ar\/argentina\/wp-json\/wp\/v2\/comments?post=25528"}],"version-history":[{"count":0,"href":"http:\/\/argentinamunicipal.com.ar\/argentina\/wp-json\/wp\/v2\/posts\/25528\/revisions"}],"wp:featuredmedia":[{"embeddable":true,"href":"http:\/\/argentinamunicipal.com.ar\/argentina\/wp-json\/wp\/v2\/media\/25530"}],"wp:attachment":[{"href":"http:\/\/argentinamunicipal.com.ar\/argentina\/wp-json\/wp\/v2\/media?parent=25528"}],"wp:term":[{"taxonomy":"category","embeddable":true,"href":"http:\/\/argentinamunicipal.com.ar\/argentina\/wp-json\/wp\/v2\/categories?post=25528"},{"taxonomy":"post_tag","embeddable":true,"href":"http:\/\/argentinamunicipal.com.ar\/argentina\/wp-json\/wp\/v2\/tags?post=25528"}],"curies":[{"name":"wp","href":"https:\/\/api.w.org\/{rel}","templated":true}]}}