{"id":25532,"date":"2015-03-03T10:30:29","date_gmt":"2015-03-03T13:30:29","guid":{"rendered":"http:\/\/argentinamunicipal.com.ar\/argentina\/?p=25532"},"modified":"2015-03-03T10:58:08","modified_gmt":"2015-03-03T13:58:08","slug":"barrios-inundados-y-clases-suspendidas-en-santa-fe-por-un-fuerte-temporal","status":"publish","type":"post","link":"http:\/\/argentinamunicipal.com.ar\/argentina\/barrios-inundados-y-clases-suspendidas-en-santa-fe-por-un-fuerte-temporal\/","title":{"rendered":"Barrios inundados y clases suspendidas en Santa Fe por un fuerte temporal"},"content":{"rendered":"<p><a href=\"http:\/\/argentinamunicipal.com.ar\/argentina\/wp-content\/uploads\/2015\/03\/54f5a4b980594_510x339.jpg\"><img loading=\"lazy\" decoding=\"async\" class=\"aligncenter size-full wp-image-25533\" src=\"http:\/\/argentinamunicipal.com.ar\/argentina\/wp-content\/uploads\/2015\/03\/54f5a4b980594_510x339.jpg\" alt=\"54f5a4b980594_510x339\" width=\"510\" height=\"339\" srcset=\"http:\/\/argentinamunicipal.com.ar\/argentina\/wp-content\/uploads\/2015\/03\/54f5a4b980594_510x339.jpg 510w, http:\/\/argentinamunicipal.com.ar\/argentina\/wp-content\/uploads\/2015\/03\/54f5a4b980594_510x339-300x199.jpg 300w\" sizes=\"auto, (max-width: 510px) 100vw, 510px\" \/><\/a><br \/>\nEl fen\u00f3meno meteorol\u00f3gico provoc\u00f3 el anegamiento de barrios, la suspensi\u00f3n del dictado de clases y de la actividad p\u00fablica y la restricci\u00f3n de la circulaci\u00f3n del transporte urbano, informaron fuentes de Defensa Civil del distrito.<\/p>\n<p>El temporal se inici\u00f3 alrededor de la 1 con una fuerte actividad el\u00e9ctrica y abundante ca\u00edda de agua, y pasadas las 8.00 el registro de lluvia ca\u00edda ya superaba los 70 mil\u00edmetros.<\/p>\n<p>Seg\u00fan las fuentes consultadas por T\u00e9lam, el agua afect\u00f3 principalmente a la zona del cord\u00f3n oeste y noroeste de la capital provincial, anegando barrios como Las Flores, Yapey\u00fa, Santa Rosa de Lima y San Lorenzo, y a localidades cercanas como Esperanza y San Carlos, ubicadas a 25 y 30 kil\u00f3metros respectivamente de la ciudad de Santa Fe.<\/p>\n<p>En principio no se registraban personas evacuadas.<\/p>\n<p>El intendente de la ciudad de Santa Fe, Jos\u00e9 Corral, orden\u00f3 esta ma\u00f1ana \u00absuspender\u00bb las actividades comerciales y educativas as\u00ed como la circulaci\u00f3n del transporte p\u00fablico de pasajeros en la capital provincial debido a los anegamientos.<\/p>\n<p>\u00abEs una medida preventiva debido a que en las \u00faltimas horas cay\u00f3 aproximadamente 70 mil\u00edmetros de lluvia que acumul\u00f3 sumando lo precipitado en los \u00faltimos d\u00edas unos 320 mil\u00edmetros y esto hace dificultosa la circulaci\u00f3n en la ciudad\u00bb, indic\u00f3 hoy Corral.<\/p>\n<p>A\u00f1adi\u00f3 \u00abque la medida permitir\u00e1 el desagote con el sistema de bombeo que se encuentra activado desde que comenzaron las precipitaciones\u00bb.<\/p>\n<p>En declaraciones formuladas a Radio 2-Rosario, el jefe comunal consign\u00f3 \u00abque a\u00fan no hay evacuados y que los refugios para albergar a las personas en caso de ser necesario est\u00e1n activados\u00bb.<\/p>\n<p>En tanto, la autopista Rosario-Santa Fe permanecer\u00e1 hoy costada al tr\u00e1nsito debido al desborde del arroyo Colastin\u00e9, mientras que la ruta nacional 11 permanece habilitada s\u00f3lo para el paso de veh\u00edculos livianos.<\/p>\n<p>El director de Protecci\u00f3n de Defensa Civil de la provincia, Marcos Escajadillo evalu\u00f3 que la situaci\u00f3n m\u00e1s compleja se presenta en las zonas centro y norte de Santa Fe.<\/p>\n<p>En declaraciones a LT8-Rosario, asever\u00f3 \u00abque se est\u00e1n haciendo relevamientos en municipios y comunas del \u00e1rea central\u00bb.<\/p>\n<p>Asimismo las autoridades de la Agencia Provincial de Seguridad Vial informaron que debido a la acumulaci\u00f3n de agua sobre la ruta provincial 14, a la altura de Bigand, se tuvo que cortar el tr\u00e1nsito sobre esa v\u00eda y que desde anoche los veh\u00edculos son desviados por calles internas de esa localidad, ubicada a 70 kil\u00f3metros al sur de la ciudad de Rosario.<\/p>\n<p>Finalmente, el organismo vial renov\u00f3 el alerta y recomend\u00f3 \u00abno salir de viaje hacia el centro-norte de la provincia ya que muchas rutas se encontraban intransitables\u00bb.<\/p>\n<h6>Fuente: T\u00e9lam<\/h6>\n","protected":false},"excerpt":{"rendered":"<p>El fen\u00f3meno meteorol\u00f3gico provoc\u00f3 el anegamiento de barrios, la suspensi\u00f3n del dictado de clases y de la actividad p\u00fablica y la restricci\u00f3n de la circulaci\u00f3n del transporte urbano, informaron fuentes de Defensa Civil del distrito. El temporal se inici\u00f3 alrededor de la 1 con una fuerte actividad el\u00e9ctrica y abundante ca\u00edda de agua, y pasadas<\/p>\n","protected":false},"author":2,"featured_media":25533,"comment_status":"closed","ping_status":"closed","sticky":false,"template":"","format":"standard","meta":{"footnotes":""},"categories":[48],"tags":[10],"class_list":["post-25532","post","type-post","status-publish","format-standard","has-post-thumbnail","hentry","category-contingencias","tag-santa-fe"],"_links":{"self":[{"href":"http:\/\/argentinamunicipal.com.ar\/argentina\/wp-json\/wp\/v2\/posts\/25532","targetHints":{"allow":["GET"]}}],"collection":[{"href":"http:\/\/argentinamunicipal.com.ar\/argentina\/wp-json\/wp\/v2\/posts"}],"about":[{"href":"http:\/\/argentinamunicipal.com.ar\/argentina\/wp-json\/wp\/v2\/types\/post"}],"author":[{"embeddable":true,"href":"http:\/\/argentinamunicipal.com.ar\/argentina\/wp-json\/wp\/v2\/users\/2"}],"replies":[{"embeddable":true,"href":"http:\/\/argentinamunicipal.com.ar\/argentina\/wp-json\/wp\/v2\/comments?post=25532"}],"version-history":[{"count":0,"href":"http:\/\/argentinamunicipal.com.ar\/argentina\/wp-json\/wp\/v2\/posts\/25532\/revisions"}],"wp:featuredmedia":[{"embeddable":true,"href":"http:\/\/argentinamunicipal.com.ar\/argentina\/wp-json\/wp\/v2\/media\/25533"}],"wp:attachment":[{"href":"http:\/\/argentinamunicipal.com.ar\/argentina\/wp-json\/wp\/v2\/media?parent=25532"}],"wp:term":[{"taxonomy":"category","embeddable":true,"href":"http:\/\/argentinamunicipal.com.ar\/argentina\/wp-json\/wp\/v2\/categories?post=25532"},{"taxonomy":"post_tag","embeddable":true,"href":"http:\/\/argentinamunicipal.com.ar\/argentina\/wp-json\/wp\/v2\/tags?post=25532"}],"curies":[{"name":"wp","href":"https:\/\/api.w.org\/{rel}","templated":true}]}}