{"id":25574,"date":"2015-03-04T09:57:45","date_gmt":"2015-03-04T12:57:45","guid":{"rendered":"http:\/\/argentinamunicipal.com.ar\/argentina\/?p=25574"},"modified":"2015-03-04T09:57:45","modified_gmt":"2015-03-04T12:57:45","slug":"inauguran-en-rosario-el-primer-secundario-para-chicos-con-discapacidad","status":"publish","type":"post","link":"http:\/\/argentinamunicipal.com.ar\/argentina\/inauguran-en-rosario-el-primer-secundario-para-chicos-con-discapacidad\/","title":{"rendered":"Inauguran en Rosario el primer secundario para chicos con discapacidad"},"content":{"rendered":"<div id=\"attachment_25575\" style=\"width: 631px\" class=\"wp-caption aligncenter\"><a href=\"http:\/\/argentinamunicipal.com.ar\/argentina\/wp-content\/uploads\/2015\/03\/0304-c401-Alfredo_Celoria.jpg_88717827.jpg\"><img loading=\"lazy\" decoding=\"async\" aria-describedby=\"caption-attachment-25575\" class=\"size-full wp-image-25575\" src=\"http:\/\/argentinamunicipal.com.ar\/argentina\/wp-content\/uploads\/2015\/03\/0304-c401-Alfredo_Celoria.jpg_88717827.jpg\" alt=\"Con casa propia. La Escuela Especial N\u00aa 2.139 funcionar\u00e1 en Arroyito\" width=\"621\" height=\"465\" srcset=\"http:\/\/argentinamunicipal.com.ar\/argentina\/wp-content\/uploads\/2015\/03\/0304-c401-Alfredo_Celoria.jpg_88717827.jpg 621w, http:\/\/argentinamunicipal.com.ar\/argentina\/wp-content\/uploads\/2015\/03\/0304-c401-Alfredo_Celoria.jpg_88717827-300x225.jpg 300w\" sizes=\"auto, (max-width: 621px) 100vw, 621px\" \/><\/a><p id=\"caption-attachment-25575\" class=\"wp-caption-text\">Con casa propia. La Escuela Especial N\u00aa 2.139 funcionar\u00e1 en Arroyito<\/p><\/div>\n<p>Ciclo lectivo 2015.\u00a0La nueva instituci\u00f3n estar\u00e1 destinada a articular los procesos de integraci\u00f3n escolar para adolescentes y j\u00f3venes de ese nivel.<\/p>\n<p>M\u00e1s all\u00e1 de las cuestiones de contexto, de los reclamos salariales y de las medidas de fuerza establecidas en el inicio del ciclo lectivo de este a\u00f1o, la comunidad educativa de Rosario tiene hoy algo para celebrar. Se inaugura la Escuela Especial N\u00ba 2.139, la primera en la provincia con integraci\u00f3n escolar en el nivel secundario.<\/p>\n<p>Este espacio educativo contar\u00e1 con un edificio propio ubicado en el barrio de Arroyito (Rub\u00e9n Dar\u00edo 1239), espec\u00edficamente refaccionado y acondicionado para cumplir con el trascendental objetivo de la integraci\u00f3n.<\/p>\n<p>Esos arreglos se pudieron cumplir merced a un subsidio del Ministerio de Educaci\u00f3n, otorgado en el a\u00f1o 2013.<\/p>\n<p>Esta anhelada presentaci\u00f3n en sociedad, que se realizar\u00e1 hoy a las 10.30 junto a importantes autoridades del Ministerio de Educaci\u00f3n de la provincia de Santa Fe y referentes locales, termina con un largo peregrinaje de 16 a\u00f1os por diferentes espacios alquilados.<\/p>\n<p>Este arribo a un local propio otorga una necesaria cuota de renovaci\u00f3n, certezas y serenidad, aspectos clave y absolutamente motivadores en el ejercicio de la educaci\u00f3n para chicos con diferentes discapacidades.<\/p>\n<p>Precisamente, el decreto de creaci\u00f3n de esta escuela destaca fundamentalmente la relevancia de trabajar de manera interdisciplinaria, centrados en un nivel educativo (en este caso el nivel secundario), y la enorme importancia de desarrollar tareas en un espacio f\u00edsico propio.<\/p>\n<p>Sobre todo, debido a las particulares caracter\u00edsticas de movimientos que exhiben cada uno de los chicos que concurrir\u00e1n al establecimiento.<\/p>\n<p>\u00abRealmente estamos muy felices. Queremos compartir este importante momento ya que lo entendemos como un reconocimiento a los trabajos en pos de la inclusi\u00f3n de j\u00f3venes y adolescentes con discapacidad al nivel secundario\u00bb, se\u00f1al\u00f3 emocionada Anal\u00eda Gomitolo, la directora del establecimiento.<\/p>\n<p>\u00abDesde 1999, las escuelas especiales de Rosario comenzaron a trabajar fortaleciendo los procesos de integraci\u00f3n de alumnos con discapacidad en el nivel secundario. Desde esos inicios, este espacio educativo viene trabajando de manera interdisciplinaria, diagramando trayectorias educativas acordes a las necesidades de cada joven con discapacidad integrado en ese nivel\u00bb, se encarg\u00f3 de remarcar la profesora.<\/p>\n<p>Por su parte, el psic\u00f3logo Angel Ayuso destac\u00f3 que \u00abactualmente se realizan propuestas de integraci\u00f3n a 64 alumnos, tanto para varones como para mujeres, y la progresi\u00f3n de matr\u00edcula promete ser mucho mayor, ya que a\u00f1o a a\u00f1o son m\u00e1s los j\u00f3venes con discapacidad que transitan el nivel secundario\u00bb.<\/p>\n<p>Personal especializado. Para cumplir con su misi\u00f3n educativa, esta escuela contiene personal especializado en la modalidad de Educaci\u00f3n Especial en todas las orientaciones: profesores de Educaci\u00f3n Especial en Discapacidad Auditiva, en Discapacidad Visual y en Discapacidad Intelectual; tambi\u00e9n hay profesores con incumbencia de t\u00edtulos para la educaci\u00f3n secundaria: horas c\u00e1tedras asignadas de todas las \u00e1reas curriculares como Matem\u00e1tica, Lengua, Ciencias Sociales, Biolog\u00eda, entre otras.<\/p>\n<p>Asimismo, el equipo psicopedag\u00f3gico est\u00e1 conformado por un psic\u00f3logo y la prestaci\u00f3n parcial de un m\u00e9dico.<\/p>\n<p>Adem\u00e1s, la instituci\u00f3n cuenta con asistentes escolares, y la gesti\u00f3n est\u00e1 coordinada por un director.<\/p>\n<p>Tras dos d\u00edas de paro, hoy comienzan las clases<\/p>\n<p>Despu\u00e9s de dos jornadas de paro docente, hoy comenzar\u00e1n las clases en la mayor\u00eda de las escuelas de Rosario y su regi\u00f3n de influencia. Este inicio est\u00e1 enmarcado en un clima de tensiones, acuerdos pendientes y la promesa de otra medida de fuerza programada para los pr\u00f3ximos mi\u00e9rcoles 11 y jueves 12.<\/p>\n<p>En tanto, la ministra de Educaci\u00f3n, Claudia Balagu\u00e9, participar\u00e1 hoy del arranque del ciclo lectivo de la modalidad de Ense\u00f1anza Media Para Adultos en el Eempa N\u00ba 1.310 de Alvear, de acuerdo a lo establecido en el calendario escolar.<\/p>\n<p>El acto se desarrollar\u00e1 a las 20.15 en la escuela N\u00ba 1.310 Bandera Argentina, ubicada en Belgrano 1919 de la localidad de Alvear, a la que concurren m\u00e1s de 200 alumnos.<\/p>\n<h6>Fuente: La Capital, Rosario<\/h6>\n","protected":false},"excerpt":{"rendered":"<p>Ciclo lectivo 2015.\u00a0La nueva instituci\u00f3n estar\u00e1 destinada a articular los procesos de integraci\u00f3n escolar para adolescentes y j\u00f3venes de ese nivel. M\u00e1s all\u00e1 de las cuestiones de contexto, de los reclamos salariales y de las medidas de fuerza establecidas en el inicio del ciclo lectivo de este a\u00f1o, la comunidad educativa de Rosario tiene hoy<\/p>\n","protected":false},"author":2,"featured_media":25575,"comment_status":"closed","ping_status":"closed","sticky":false,"template":"","format":"standard","meta":{"footnotes":""},"categories":[2],"tags":[10],"class_list":["post-25574","post","type-post","status-publish","format-standard","has-post-thumbnail","hentry","category-informe-municipal","tag-santa-fe"],"_links":{"self":[{"href":"http:\/\/argentinamunicipal.com.ar\/argentina\/wp-json\/wp\/v2\/posts\/25574","targetHints":{"allow":["GET"]}}],"collection":[{"href":"http:\/\/argentinamunicipal.com.ar\/argentina\/wp-json\/wp\/v2\/posts"}],"about":[{"href":"http:\/\/argentinamunicipal.com.ar\/argentina\/wp-json\/wp\/v2\/types\/post"}],"author":[{"embeddable":true,"href":"http:\/\/argentinamunicipal.com.ar\/argentina\/wp-json\/wp\/v2\/users\/2"}],"replies":[{"embeddable":true,"href":"http:\/\/argentinamunicipal.com.ar\/argentina\/wp-json\/wp\/v2\/comments?post=25574"}],"version-history":[{"count":0,"href":"http:\/\/argentinamunicipal.com.ar\/argentina\/wp-json\/wp\/v2\/posts\/25574\/revisions"}],"wp:featuredmedia":[{"embeddable":true,"href":"http:\/\/argentinamunicipal.com.ar\/argentina\/wp-json\/wp\/v2\/media\/25575"}],"wp:attachment":[{"href":"http:\/\/argentinamunicipal.com.ar\/argentina\/wp-json\/wp\/v2\/media?parent=25574"}],"wp:term":[{"taxonomy":"category","embeddable":true,"href":"http:\/\/argentinamunicipal.com.ar\/argentina\/wp-json\/wp\/v2\/categories?post=25574"},{"taxonomy":"post_tag","embeddable":true,"href":"http:\/\/argentinamunicipal.com.ar\/argentina\/wp-json\/wp\/v2\/tags?post=25574"}],"curies":[{"name":"wp","href":"https:\/\/api.w.org\/{rel}","templated":true}]}}