{"id":25580,"date":"2015-03-04T10:03:48","date_gmt":"2015-03-04T13:03:48","guid":{"rendered":"http:\/\/argentinamunicipal.com.ar\/argentina\/?p=25580"},"modified":"2015-03-04T10:03:48","modified_gmt":"2015-03-04T13:03:48","slug":"proponen-ampliar-el-horario-municipal-en-salta","status":"publish","type":"post","link":"http:\/\/argentinamunicipal.com.ar\/argentina\/proponen-ampliar-el-horario-municipal-en-salta\/","title":{"rendered":"Proponen ampliar el horario municipal en Salta"},"content":{"rendered":"<p><a href=\"http:\/\/argentinamunicipal.com.ar\/argentina\/wp-content\/uploads\/2015\/03\/CCM-Secundaria.jpg\"><img loading=\"lazy\" decoding=\"async\" class=\"alignright size-full wp-image-25581\" src=\"http:\/\/argentinamunicipal.com.ar\/argentina\/wp-content\/uploads\/2015\/03\/CCM-Secundaria.jpg\" alt=\"CCM-Secundaria\" width=\"460\" height=\"303\" srcset=\"http:\/\/argentinamunicipal.com.ar\/argentina\/wp-content\/uploads\/2015\/03\/CCM-Secundaria.jpg 460w, http:\/\/argentinamunicipal.com.ar\/argentina\/wp-content\/uploads\/2015\/03\/CCM-Secundaria-300x198.jpg 300w\" sizes=\"auto, (max-width: 460px) 100vw, 460px\" \/><\/a>La propuesta para que las oficinas atiendan de 8 a 20 al p\u00fablico, es bien recibida.<\/p>\n<p>Pensando en los vecinos de la ciudad, Gustavo S\u00e1enz, propone ampliar la franja horaria de atenci\u00f3n al p\u00fablico en las oficinas municipales.<\/p>\n<p>En la actualidad hay muchas quejas por la p\u00e9rdida de tiempo que implica un tr\u00e1mite en el municipio.<\/p>\n<p>La propuesta para que las oficinas municipales atiendan de 8 a 20, es bien recibida por la gente.<\/p>\n<p>Este proyecto va en concordancia con la propuesta del candidato a gobernador Juan Carlos Romero y a vice Alfredo Olmedo, de modernizar las oficinas provinciales y mejorar la calidad de atenci\u00f3n en toda la provincia.<\/p>\n<p>\u00abEs importante mejorar el servicio de atenci\u00f3n en la municipalidad. Los salte\u00f1os no pueden ser tan maltratados\u00bb, se\u00f1al\u00f3 el precandidato a intendente por el Frente Romero+Olmedo y observ\u00f3 que para un tr\u00e1mite, \u00abhay que pedir un d\u00eda en el trabajo, dejar chicos solos o un enfermo sin cuidado, por lo que los salte\u00f1os aprueban la idea\u00bb.<\/p>\n<p>En esta l\u00ednea, el titular del centro vecinal de Limache, Miguel Maita, destac\u00f3 que la propuesta beneficiar\u00e1 al vecino.<\/p>\n<p>\u00abLos tr\u00e1mites m\u00e1s engorrosos son habilitaci\u00f3n y baja de comercios. Falta mayor coordinaci\u00f3n de los pagos por cajero. Hay vecinos que figuran con deuda y, sin embargo, le descuentan todos los meses\u00bb, observ\u00f3 el dirigente.<\/p>\n<p>Sobre el proyecto para descentralizar oficinas municipales a los barrios, V\u00edctor S\u00e1nchez, secretario general de Trabajadores Municipales de Salta, dijo que es una gran idea, un paso importante y necesario.<\/p>\n<h6>Fuente: El Tribuno, Salta<\/h6>\n","protected":false},"excerpt":{"rendered":"<p>La propuesta para que las oficinas atiendan de 8 a 20 al p\u00fablico, es bien recibida. Pensando en los vecinos de la ciudad, Gustavo S\u00e1enz, propone ampliar la franja horaria de atenci\u00f3n al p\u00fablico en las oficinas municipales. En la actualidad hay muchas quejas por la p\u00e9rdida de tiempo que implica un tr\u00e1mite en el<\/p>\n","protected":false},"author":2,"featured_media":25581,"comment_status":"closed","ping_status":"closed","sticky":false,"template":"","format":"standard","meta":{"footnotes":""},"categories":[2],"tags":[9],"class_list":["post-25580","post","type-post","status-publish","format-standard","has-post-thumbnail","hentry","category-informe-municipal","tag-salta"],"_links":{"self":[{"href":"http:\/\/argentinamunicipal.com.ar\/argentina\/wp-json\/wp\/v2\/posts\/25580","targetHints":{"allow":["GET"]}}],"collection":[{"href":"http:\/\/argentinamunicipal.com.ar\/argentina\/wp-json\/wp\/v2\/posts"}],"about":[{"href":"http:\/\/argentinamunicipal.com.ar\/argentina\/wp-json\/wp\/v2\/types\/post"}],"author":[{"embeddable":true,"href":"http:\/\/argentinamunicipal.com.ar\/argentina\/wp-json\/wp\/v2\/users\/2"}],"replies":[{"embeddable":true,"href":"http:\/\/argentinamunicipal.com.ar\/argentina\/wp-json\/wp\/v2\/comments?post=25580"}],"version-history":[{"count":0,"href":"http:\/\/argentinamunicipal.com.ar\/argentina\/wp-json\/wp\/v2\/posts\/25580\/revisions"}],"wp:featuredmedia":[{"embeddable":true,"href":"http:\/\/argentinamunicipal.com.ar\/argentina\/wp-json\/wp\/v2\/media\/25581"}],"wp:attachment":[{"href":"http:\/\/argentinamunicipal.com.ar\/argentina\/wp-json\/wp\/v2\/media?parent=25580"}],"wp:term":[{"taxonomy":"category","embeddable":true,"href":"http:\/\/argentinamunicipal.com.ar\/argentina\/wp-json\/wp\/v2\/categories?post=25580"},{"taxonomy":"post_tag","embeddable":true,"href":"http:\/\/argentinamunicipal.com.ar\/argentina\/wp-json\/wp\/v2\/tags?post=25580"}],"curies":[{"name":"wp","href":"https:\/\/api.w.org\/{rel}","templated":true}]}}