{"id":25586,"date":"2015-03-04T10:11:07","date_gmt":"2015-03-04T13:11:07","guid":{"rendered":"http:\/\/argentinamunicipal.com.ar\/argentina\/?p=25586"},"modified":"2015-03-04T10:11:07","modified_gmt":"2015-03-04T13:11:07","slug":"tunuyan-destinara-75-millones-para-asfaltar-320-cuadras-de-distintos-barrios","status":"publish","type":"post","link":"http:\/\/argentinamunicipal.com.ar\/argentina\/tunuyan-destinara-75-millones-para-asfaltar-320-cuadras-de-distintos-barrios\/","title":{"rendered":"Tunuy\u00e1n destinar\u00e1 $75 millones para asfaltar 320 cuadras de distintos barrios"},"content":{"rendered":"<p><a href=\"http:\/\/argentinamunicipal.com.ar\/argentina\/wp-content\/uploads\/2015\/03\/ASFALTADO-CALLE-YRIGOYEN-TUNUYAN.jpg\"><img loading=\"lazy\" decoding=\"async\" class=\"aligncenter size-full wp-image-25587\" src=\"http:\/\/argentinamunicipal.com.ar\/argentina\/wp-content\/uploads\/2015\/03\/ASFALTADO-CALLE-YRIGOYEN-TUNUYAN.jpg\" alt=\"ASFALTADO-CALLE-YRIGOYEN-TUNUYAN\" width=\"640\" height=\"480\" srcset=\"http:\/\/argentinamunicipal.com.ar\/argentina\/wp-content\/uploads\/2015\/03\/ASFALTADO-CALLE-YRIGOYEN-TUNUYAN.jpg 640w, http:\/\/argentinamunicipal.com.ar\/argentina\/wp-content\/uploads\/2015\/03\/ASFALTADO-CALLE-YRIGOYEN-TUNUYAN-300x225.jpg 300w\" sizes=\"auto, (max-width: 640px) 100vw, 640px\" \/><\/a><br \/>\nDesde la Comuna se asegur\u00f3 que la obra se financiar\u00e1 con fondos propios, de la Provincia y tambi\u00e9n aportes de la Naci\u00f3n<\/p>\n<p>La polvareda que sol\u00eda levantar un veh\u00edculo al pasar por ciertas calles de Tunuy\u00e1n podr\u00eda quedar en el recuerdo, luego de un ambicioso proyecto de pavimentaci\u00f3n que se lanz\u00f3 ayer y que ya est\u00e1 en ejecuci\u00f3n. La obra supone una inversi\u00f3n total de $75.000.000 y, seg\u00fan adelant\u00f3 el intendente Mart\u00edn Aveiro, se har\u00e1 \u201csin endeudamiento de la Comuna\u201d.<\/p>\n<p>De acuerdo con el detalle que se dio a conocer ayer, la obra, que est\u00e1 dividida en dos etapas, busca asfaltar en principio 150 cuadras del departamento, incluidas varias del distrito Vista Flores. \u201cEs una obra que se deb\u00eda encarar, porque no se hac\u00eda una pavimentaci\u00f3n as\u00ed desde 1999. Va a beneficiar en total a unos 9.000 vecinos de distintos barrios: en la primera etapa ser\u00e1n los residentes en los barrios San Vicente I y II, UEFA, SUTE, CEC, ANTE, San Antonio, Virgen del Rosario y varias calles de gran tr\u00e1nsito, como Los Ceibos y Moreno, 25 de Noviembre, Francisco Delgado y Lisandro de la Torre\u201d, puntualiz\u00f3 Aveiro.<\/p>\n<p>Esta obra busca tambi\u00e9n organizar el ca\u00f3tico tr\u00e1nsito que ha generado varios accidentes en la zona cercana al cruce de la Ruta Nacional 40 y calle La Argentina, en donde funciona una concurrida estaci\u00f3n de servicio y tiempo atr\u00e1s se instal\u00f3 tambi\u00e9n un supermercado. En esa intersecci\u00f3n se est\u00e1 ampliando la ruta y se construir\u00e1 una d\u00e1rsena que, junto con un nuevo sem\u00e1foro de 4 tiempos, intentar\u00e1 ordenar la circulaci\u00f3n vehicular.<\/p>\n<p>El proyecto supone una segunda etapa, para la cual ya se lanz\u00f3 la licitaci\u00f3n, que planifica para mediados de abril comenzar a asfaltar 170 cuadras m\u00e1s del Oeste del centro tunuyanino y tambi\u00e9n de los distritos de Vista Flores y Los Sauces.<\/p>\n<p>\u201cLo positivo de esta obra es que se va a financiar con fondos del municipio, con dinero del Ministerio de Obras P\u00fablicas, de Vialidad, y tambi\u00e9n con fondos que llegan de la Naci\u00f3n, por lo cual la Comuna no se va a endeudar para poder concretarla\u201d, confi\u00f3 Aveiro, quien apel\u00f3 a una comparaci\u00f3n para dimensionar el tama\u00f1o de la obra que ya se esta ejecutando: \u201cSupone una inversi\u00f3n de $75 millones, m\u00e1s de un tercio del presupuesto de la Comuna, que es de $170 millones\u201d, asegur\u00f3.<\/p>\n<p>El dinero tambi\u00e9n alcanzar\u00e1 para mejorar calles que recorren 70 cuadras del centro tunuyanino, cuyo asfalto data de unos 40 a\u00f1os. En ellas se aplicar\u00e1 el sistema slurry (que los entendidos opinan que es el mejor para el reencarpetado de calles urbanas), que supone un riego asf\u00e1ltico al que se incorpora arena.<\/p>\n<h6>Fuente: Uno, Mendoza<\/h6>\n","protected":false},"excerpt":{"rendered":"<p>Desde la Comuna se asegur\u00f3 que la obra se financiar\u00e1 con fondos propios, de la Provincia y tambi\u00e9n aportes de la Naci\u00f3n La polvareda que sol\u00eda levantar un veh\u00edculo al pasar por ciertas calles de Tunuy\u00e1n podr\u00eda quedar en el recuerdo, luego de un ambicioso proyecto de pavimentaci\u00f3n que se lanz\u00f3 ayer y que ya<\/p>\n","protected":false},"author":2,"featured_media":25587,"comment_status":"closed","ping_status":"closed","sticky":false,"template":"","format":"standard","meta":{"footnotes":""},"categories":[2],"tags":[31],"class_list":["post-25586","post","type-post","status-publish","format-standard","has-post-thumbnail","hentry","category-informe-municipal","tag-mendoza"],"_links":{"self":[{"href":"http:\/\/argentinamunicipal.com.ar\/argentina\/wp-json\/wp\/v2\/posts\/25586","targetHints":{"allow":["GET"]}}],"collection":[{"href":"http:\/\/argentinamunicipal.com.ar\/argentina\/wp-json\/wp\/v2\/posts"}],"about":[{"href":"http:\/\/argentinamunicipal.com.ar\/argentina\/wp-json\/wp\/v2\/types\/post"}],"author":[{"embeddable":true,"href":"http:\/\/argentinamunicipal.com.ar\/argentina\/wp-json\/wp\/v2\/users\/2"}],"replies":[{"embeddable":true,"href":"http:\/\/argentinamunicipal.com.ar\/argentina\/wp-json\/wp\/v2\/comments?post=25586"}],"version-history":[{"count":0,"href":"http:\/\/argentinamunicipal.com.ar\/argentina\/wp-json\/wp\/v2\/posts\/25586\/revisions"}],"wp:featuredmedia":[{"embeddable":true,"href":"http:\/\/argentinamunicipal.com.ar\/argentina\/wp-json\/wp\/v2\/media\/25587"}],"wp:attachment":[{"href":"http:\/\/argentinamunicipal.com.ar\/argentina\/wp-json\/wp\/v2\/media?parent=25586"}],"wp:term":[{"taxonomy":"category","embeddable":true,"href":"http:\/\/argentinamunicipal.com.ar\/argentina\/wp-json\/wp\/v2\/categories?post=25586"},{"taxonomy":"post_tag","embeddable":true,"href":"http:\/\/argentinamunicipal.com.ar\/argentina\/wp-json\/wp\/v2\/tags?post=25586"}],"curies":[{"name":"wp","href":"https:\/\/api.w.org\/{rel}","templated":true}]}}