{"id":25595,"date":"2015-03-04T10:20:17","date_gmt":"2015-03-04T13:20:17","guid":{"rendered":"http:\/\/argentinamunicipal.com.ar\/argentina\/?p=25595"},"modified":"2015-03-04T10:20:17","modified_gmt":"2015-03-04T13:20:17","slug":"avanza-la-entrega-de-motocarros-a-recuperadores-de-residuos-en-parana","status":"publish","type":"post","link":"http:\/\/argentinamunicipal.com.ar\/argentina\/avanza-la-entrega-de-motocarros-a-recuperadores-de-residuos-en-parana\/","title":{"rendered":"Avanza la entrega de motocarros a recuperadores de residuos en Paran\u00e1"},"content":{"rendered":"<p><a href=\"http:\/\/argentinamunicipal.com.ar\/argentina\/wp-content\/uploads\/2015\/03\/e_1418139456.jpg\"><img loading=\"lazy\" decoding=\"async\" class=\"alignright size-full wp-image-25596\" src=\"http:\/\/argentinamunicipal.com.ar\/argentina\/wp-content\/uploads\/2015\/03\/e_1418139456.jpg\" alt=\"e_1418139456\" width=\"432\" height=\"324\" srcset=\"http:\/\/argentinamunicipal.com.ar\/argentina\/wp-content\/uploads\/2015\/03\/e_1418139456.jpg 432w, http:\/\/argentinamunicipal.com.ar\/argentina\/wp-content\/uploads\/2015\/03\/e_1418139456-300x225.jpg 300w\" sizes=\"auto, (max-width: 432px) 100vw, 432px\" \/><\/a>Se adjudicaron ocho motocarros en su primera etapa en 2013. La segunda entrega abarc\u00f3 en 2014 otros nueve rodados. En febrero de este a\u00f1o se licitaron otros 22 motocarros. Apuntan que tambi\u00e9n ayuda a mejorar la organizaci\u00f3n del tr\u00e1nsito.<\/p>\n<p>\u201cRecuperadores de Derechos\u201d, lanzado por la Municipalidad de Paran\u00e1, adjudic\u00f3 ocho motocarros en su primera etapa en 2013. La segunda entrega abarc\u00f3 en 2014 otros nueve rodados. En febrero de este a\u00f1o se licitaron otros 22 motocarros.<\/p>\n<p>\u201cEstamos destinando una pol\u00edtica p\u00fablica desde el Estado Municipal que adem\u00e1s de concretar sue\u00f1os nos permite recuperar derechos, garantizar mejores condiciones de trabajo, intervenir en la gesti\u00f3n de residuos s\u00f3lidos y en el medioambiente, proteger nuestros animales, y mejorar la organizaci\u00f3n del tr\u00e1nsito,\u201d defini\u00f3 Blanca Osuna, Presidenta Municipal de Paran\u00e1. El programa, tiene como objetivo la entrega del caballo por parte de los trabajadores, a cambio de motocarros, mejorando la calidad de vida, erradicando el trabajo infantil, garantizando la salud de los equinos y aportando al ordenamiento del tr\u00e1nsito en la ciudad.<\/p>\n<p>Para llevar a cabo este programa se realiz\u00f3 un abordaje territorial para conocer cu\u00e1ntas familias viv\u00edan de su caballo, en el que se relevaron 10 barrios de la ciudad de Paran\u00e1, llegando al resultado de 152 familias con carros, algunas de ellas con m\u00e1s de un caballo, subiendo la cifra a 300.<\/p>\n<p>Desde la comuna resaltaron que el programa no solo tiene que ver con la entrega del motocarro, sino que adem\u00e1s de los relevamientos, los beneficiaros de los motocarros realizaron capacitaciones te\u00f3ricas y pr\u00e1cticas en educaci\u00f3n vial, incluyendo una instancia de formaci\u00f3n en mec\u00e1nica de motos, en coordinaci\u00f3n con la Direcci\u00f3n de Educaci\u00f3n de J\u00f3venes y Adultos del Consejo General de Educaci\u00f3n (CGE). Tambi\u00e9n durante las jornadas de registro se trabaj\u00f3 con los equinos, proporcion\u00e1ndole vacunas y nutrientes en aquellos casos que presentaban desnutrici\u00f3n.<\/p>\n<p>As\u00ed es que a cada carrero, luego de los cursos correspondientes se les entreg\u00f3 el carn\u00e9 de conducir, ropa de trabajo, casco, la libreta sanitaria y los certificados de las capacitaciones a las que asistieron como parte del trabajo integral que realizan. \u00abSon herramientas integrales que fortalecen condiciones dignas y saludables de trabajo, que permiten la formaci\u00f3n y capacitaci\u00f3n de los trabajadores, y apuestan a la inclusi\u00f3n de realidades tan injustas\u00bb afirm\u00f3 Osuna.<br \/>\nLos caballos que son entregados a cambio de los motocarros, son trasladados a un predio amplio y adecuado perteneciente a la Escuela Alberdi para su recuperaci\u00f3n, a trav\u00e9s de un convenio con la Universidad Aut\u00f3noma de Entre R\u00edos (UADER) y el Instituto Nacional de Tecnolog\u00eda Agropecuaria (INTA).<\/p>\n<h6>Fuente: El Once<\/h6>\n","protected":false},"excerpt":{"rendered":"<p>Se adjudicaron ocho motocarros en su primera etapa en 2013. La segunda entrega abarc\u00f3 en 2014 otros nueve rodados. En febrero de este a\u00f1o se licitaron otros 22 motocarros. Apuntan que tambi\u00e9n ayuda a mejorar la organizaci\u00f3n del tr\u00e1nsito. \u201cRecuperadores de Derechos\u201d, lanzado por la Municipalidad de Paran\u00e1, adjudic\u00f3 ocho motocarros en su primera etapa<\/p>\n","protected":false},"author":2,"featured_media":25596,"comment_status":"closed","ping_status":"closed","sticky":false,"template":"","format":"standard","meta":{"footnotes":""},"categories":[2],"tags":[17],"class_list":["post-25595","post","type-post","status-publish","format-standard","has-post-thumbnail","hentry","category-informe-municipal","tag-entre-rios"],"_links":{"self":[{"href":"http:\/\/argentinamunicipal.com.ar\/argentina\/wp-json\/wp\/v2\/posts\/25595","targetHints":{"allow":["GET"]}}],"collection":[{"href":"http:\/\/argentinamunicipal.com.ar\/argentina\/wp-json\/wp\/v2\/posts"}],"about":[{"href":"http:\/\/argentinamunicipal.com.ar\/argentina\/wp-json\/wp\/v2\/types\/post"}],"author":[{"embeddable":true,"href":"http:\/\/argentinamunicipal.com.ar\/argentina\/wp-json\/wp\/v2\/users\/2"}],"replies":[{"embeddable":true,"href":"http:\/\/argentinamunicipal.com.ar\/argentina\/wp-json\/wp\/v2\/comments?post=25595"}],"version-history":[{"count":0,"href":"http:\/\/argentinamunicipal.com.ar\/argentina\/wp-json\/wp\/v2\/posts\/25595\/revisions"}],"wp:featuredmedia":[{"embeddable":true,"href":"http:\/\/argentinamunicipal.com.ar\/argentina\/wp-json\/wp\/v2\/media\/25596"}],"wp:attachment":[{"href":"http:\/\/argentinamunicipal.com.ar\/argentina\/wp-json\/wp\/v2\/media?parent=25595"}],"wp:term":[{"taxonomy":"category","embeddable":true,"href":"http:\/\/argentinamunicipal.com.ar\/argentina\/wp-json\/wp\/v2\/categories?post=25595"},{"taxonomy":"post_tag","embeddable":true,"href":"http:\/\/argentinamunicipal.com.ar\/argentina\/wp-json\/wp\/v2\/tags?post=25595"}],"curies":[{"name":"wp","href":"https:\/\/api.w.org\/{rel}","templated":true}]}}