{"id":25663,"date":"2015-03-06T06:51:43","date_gmt":"2015-03-06T09:51:43","guid":{"rendered":"http:\/\/argentinamunicipal.com.ar\/argentina\/?p=25663"},"modified":"2015-03-04T12:13:59","modified_gmt":"2015-03-04T15:13:59","slug":"fiesta-provincial-del-bricelet-colonia-belgrano-7-de-marzo","status":"publish","type":"post","link":"http:\/\/argentinamunicipal.com.ar\/argentina\/fiesta-provincial-del-bricelet-colonia-belgrano-7-de-marzo\/","title":{"rendered":"Fiesta Provincial del Bricelet, Colonia Belgrano, 7 de marzo"},"content":{"rendered":"<p>&nbsp;<\/p>\n<p><a href=\"http:\/\/argentinamunicipal.com.ar\/argentina\/wp-content\/uploads\/2015\/03\/10984286_10205882400884368_4543192509174016738_n.jpg\"><img loading=\"lazy\" decoding=\"async\" class=\"aligncenter size-full wp-image-25666\" src=\"http:\/\/argentinamunicipal.com.ar\/argentina\/wp-content\/uploads\/2015\/03\/10984286_10205882400884368_4543192509174016738_n.jpg\" alt=\"10984286_10205882400884368_4543192509174016738_n\" width=\"539\" height=\"768\" srcset=\"http:\/\/argentinamunicipal.com.ar\/argentina\/wp-content\/uploads\/2015\/03\/10984286_10205882400884368_4543192509174016738_n.jpg 539w, http:\/\/argentinamunicipal.com.ar\/argentina\/wp-content\/uploads\/2015\/03\/10984286_10205882400884368_4543192509174016738_n-211x300.jpg 211w\" sizes=\"auto, (max-width: 539px) 100vw, 539px\" \/><\/a><\/p>\n<p>&nbsp;<\/p>\n<p>La Fiesta Provincial del Bricelet es una celebraci\u00f3n realizada en la Colonia Belgrano (Provincia de Santa Fe, Argentina) en el fin de semana m\u00e1s cercano al 8 de marzo.1<\/p>\n<p>Esta fiesta re\u00fane a cerca de 3000 personas que se acercan a la Colonia a difrutar de las exquisitas comidas t\u00edpicas, como por ejemplo el brislet o bricelet (masita dulce de origen suizo).<\/p>\n<p>Durante el evento habr\u00e1 stands con comidas t\u00edpicas y contempor\u00e1neas, en las que se podr\u00e1n encontrar el famoso chucrut; brusquetas; volov\u00e1n, chorip\u00e1n; pizzas, empanadas, pastas y bricelet.<\/p>\n<p><a href=\"http:\/\/argentinamunicipal.com.ar\/argentina\/wp-content\/uploads\/2015\/03\/FIESTA_DEL_BRICELET1.jpg\"><img loading=\"lazy\" decoding=\"async\" class=\"aligncenter size-full wp-image-25665\" src=\"http:\/\/argentinamunicipal.com.ar\/argentina\/wp-content\/uploads\/2015\/03\/FIESTA_DEL_BRICELET1.jpg\" alt=\"FIESTA_DEL_BRICELET\" width=\"450\" height=\"249\" srcset=\"http:\/\/argentinamunicipal.com.ar\/argentina\/wp-content\/uploads\/2015\/03\/FIESTA_DEL_BRICELET1.jpg 450w, http:\/\/argentinamunicipal.com.ar\/argentina\/wp-content\/uploads\/2015\/03\/FIESTA_DEL_BRICELET1-300x166.jpg 300w\" sizes=\"auto, (max-width: 450px) 100vw, 450px\" \/><\/a><\/p>\n","protected":false},"excerpt":{"rendered":"<p>&nbsp; &nbsp; La Fiesta Provincial del Bricelet es una celebraci\u00f3n realizada en la Colonia Belgrano (Provincia de Santa Fe, Argentina) en el fin de semana m\u00e1s cercano al 8 de marzo.1 Esta fiesta re\u00fane a cerca de 3000 personas que se acercan a la Colonia a difrutar de las exquisitas comidas t\u00edpicas, como por ejemplo<\/p>\n","protected":false},"author":2,"featured_media":25667,"comment_status":"closed","ping_status":"closed","sticky":false,"template":"","format":"standard","meta":{"footnotes":""},"categories":[47],"tags":[10],"class_list":["post-25663","post","type-post","status-publish","format-standard","has-post-thumbnail","hentry","category-fiestas","tag-santa-fe"],"_links":{"self":[{"href":"http:\/\/argentinamunicipal.com.ar\/argentina\/wp-json\/wp\/v2\/posts\/25663","targetHints":{"allow":["GET"]}}],"collection":[{"href":"http:\/\/argentinamunicipal.com.ar\/argentina\/wp-json\/wp\/v2\/posts"}],"about":[{"href":"http:\/\/argentinamunicipal.com.ar\/argentina\/wp-json\/wp\/v2\/types\/post"}],"author":[{"embeddable":true,"href":"http:\/\/argentinamunicipal.com.ar\/argentina\/wp-json\/wp\/v2\/users\/2"}],"replies":[{"embeddable":true,"href":"http:\/\/argentinamunicipal.com.ar\/argentina\/wp-json\/wp\/v2\/comments?post=25663"}],"version-history":[{"count":0,"href":"http:\/\/argentinamunicipal.com.ar\/argentina\/wp-json\/wp\/v2\/posts\/25663\/revisions"}],"wp:featuredmedia":[{"embeddable":true,"href":"http:\/\/argentinamunicipal.com.ar\/argentina\/wp-json\/wp\/v2\/media\/25667"}],"wp:attachment":[{"href":"http:\/\/argentinamunicipal.com.ar\/argentina\/wp-json\/wp\/v2\/media?parent=25663"}],"wp:term":[{"taxonomy":"category","embeddable":true,"href":"http:\/\/argentinamunicipal.com.ar\/argentina\/wp-json\/wp\/v2\/categories?post=25663"},{"taxonomy":"post_tag","embeddable":true,"href":"http:\/\/argentinamunicipal.com.ar\/argentina\/wp-json\/wp\/v2\/tags?post=25663"}],"curies":[{"name":"wp","href":"https:\/\/api.w.org\/{rel}","templated":true}]}}