{"id":25694,"date":"2015-03-05T09:00:53","date_gmt":"2015-03-05T12:00:53","guid":{"rendered":"http:\/\/argentinamunicipal.com.ar\/argentina\/?p=25694"},"modified":"2015-03-05T09:00:53","modified_gmt":"2015-03-05T12:00:53","slug":"rincon-de-los-sauces-construiran-un-nuevo-edificio-para-el-municipio","status":"publish","type":"post","link":"http:\/\/argentinamunicipal.com.ar\/argentina\/rincon-de-los-sauces-construiran-un-nuevo-edificio-para-el-municipio\/","title":{"rendered":"Rinc\u00f3n de los Sauces: construir\u00e1n un nuevo edificio para el Municipio"},"content":{"rendered":"<p><a href=\"http:\/\/argentinamunicipal.com.ar\/argentina\/wp-content\/uploads\/2015\/03\/Municipalidad-de-Rincon-de-los-Sauces.jpg\"><img loading=\"lazy\" decoding=\"async\" class=\"aligncenter  wp-image-25695\" src=\"http:\/\/argentinamunicipal.com.ar\/argentina\/wp-content\/uploads\/2015\/03\/Municipalidad-de-Rincon-de-los-Sauces.jpg\" alt=\"Municipalidad-de-Rincon-de-los-Sauces\" width=\"575\" height=\"431\" srcset=\"http:\/\/argentinamunicipal.com.ar\/argentina\/wp-content\/uploads\/2015\/03\/Municipalidad-de-Rincon-de-los-Sauces.jpg 800w, http:\/\/argentinamunicipal.com.ar\/argentina\/wp-content\/uploads\/2015\/03\/Municipalidad-de-Rincon-de-los-Sauces-300x225.jpg 300w\" sizes=\"auto, (max-width: 575px) 100vw, 575px\" \/><\/a><br \/>\nLo anunci\u00f3 Rucci. Tambi\u00e9n har\u00e1n una obra para evitar las inundaciones.<\/p>\n<p>El intendente Marcelo Rucci encabez\u00f3 la apertura de sesiones ordinarias del Concejo Deliberante con un acto realizado en las instalaciones del Polideportivo, donde anunci\u00f3 el plan de obras para este a\u00f1o en el que se destacan la construcci\u00f3n del nuevo edificio municipal, la construcci\u00f3n de la ciudad deportiva, plan de veredas, obras pluviales con calles colectoras de agua, planes viviendas y el edificio para el Club Deportivo Rinc\u00f3n.<\/p>\n<p>Tambi\u00e9n hizo referencia a la ampliaci\u00f3n del hospital local con una superficie de 400 m2, obra de alumbrado y ampliaci\u00f3n de la bicisenda en segunda etapa, finalizaci\u00f3n de los talleres para la EPET 16 y recambios de pisos en el CPEM N\u00ba 24.<\/p>\n<p>Rucci asegur\u00f3 que \u201cya se ejecutaron 40 obras importantes y se compraron 38 nuevos veh\u00edculos\u201d, con los que se renov\u00f3 el parque automotor municipal a raz\u00f3n de un cero kil\u00f3metro y una obra por mes.<\/p>\n<p>El jefe comunal destac\u00f3 la labor del gobierno provincial y del senador nacional Guillermo Pereyra y pidi\u00f3 a los vecinos continuar apoyando el proyecto pol\u00edtico que lleva como candidato a gobernador a Omar Guti\u00e9rrez.<\/p>\n<p>\u201cTenemos que ser responsables de nuestro futuro; muy poco hubi\u00e9ramos logrado sin el apoyo del gobierno provincial y muy especialmente a trav\u00e9s del ministro Omar Guti\u00e9rrez, a quien no tengo dudas el pueblo de Rinc\u00f3n va a dar su apoyo rotundo en estas elecciones\u201d, manifest\u00f3.<\/p>\n<p>Durante la jornada de hoy se espera la llegada del gobernador Jorge Sapag y del ministro Guti\u00e9rrez, quienes dejar\u00e1n inaugurada la sala de primeros auxilios del barrio La Falda y luego compartir\u00e1n un acto proselitista en el polideportivo.<\/p>\n<h6>Fuente: La Ma\u00f1ana Neuqu\u00e9n<\/h6>\n","protected":false},"excerpt":{"rendered":"<p>Lo anunci\u00f3 Rucci. Tambi\u00e9n har\u00e1n una obra para evitar las inundaciones. El intendente Marcelo Rucci encabez\u00f3 la apertura de sesiones ordinarias del Concejo Deliberante con un acto realizado en las instalaciones del Polideportivo, donde anunci\u00f3 el plan de obras para este a\u00f1o en el que se destacan la construcci\u00f3n del nuevo edificio municipal, la construcci\u00f3n<\/p>\n","protected":false},"author":2,"featured_media":25695,"comment_status":"closed","ping_status":"closed","sticky":false,"template":"","format":"standard","meta":{"footnotes":""},"categories":[2],"tags":[23],"class_list":["post-25694","post","type-post","status-publish","format-standard","has-post-thumbnail","hentry","category-informe-municipal","tag-neuquen"],"_links":{"self":[{"href":"http:\/\/argentinamunicipal.com.ar\/argentina\/wp-json\/wp\/v2\/posts\/25694","targetHints":{"allow":["GET"]}}],"collection":[{"href":"http:\/\/argentinamunicipal.com.ar\/argentina\/wp-json\/wp\/v2\/posts"}],"about":[{"href":"http:\/\/argentinamunicipal.com.ar\/argentina\/wp-json\/wp\/v2\/types\/post"}],"author":[{"embeddable":true,"href":"http:\/\/argentinamunicipal.com.ar\/argentina\/wp-json\/wp\/v2\/users\/2"}],"replies":[{"embeddable":true,"href":"http:\/\/argentinamunicipal.com.ar\/argentina\/wp-json\/wp\/v2\/comments?post=25694"}],"version-history":[{"count":0,"href":"http:\/\/argentinamunicipal.com.ar\/argentina\/wp-json\/wp\/v2\/posts\/25694\/revisions"}],"wp:featuredmedia":[{"embeddable":true,"href":"http:\/\/argentinamunicipal.com.ar\/argentina\/wp-json\/wp\/v2\/media\/25695"}],"wp:attachment":[{"href":"http:\/\/argentinamunicipal.com.ar\/argentina\/wp-json\/wp\/v2\/media?parent=25694"}],"wp:term":[{"taxonomy":"category","embeddable":true,"href":"http:\/\/argentinamunicipal.com.ar\/argentina\/wp-json\/wp\/v2\/categories?post=25694"},{"taxonomy":"post_tag","embeddable":true,"href":"http:\/\/argentinamunicipal.com.ar\/argentina\/wp-json\/wp\/v2\/tags?post=25694"}],"curies":[{"name":"wp","href":"https:\/\/api.w.org\/{rel}","templated":true}]}}