{"id":25715,"date":"2015-03-05T09:39:48","date_gmt":"2015-03-05T12:39:48","guid":{"rendered":"http:\/\/argentinamunicipal.com.ar\/argentina\/?p=25715"},"modified":"2015-03-05T09:39:48","modified_gmt":"2015-03-05T12:39:48","slug":"personas-con-discapacidad-en-el-debate-sobre-transporte-urbano-en-rosario","status":"publish","type":"post","link":"http:\/\/argentinamunicipal.com.ar\/argentina\/personas-con-discapacidad-en-el-debate-sobre-transporte-urbano-en-rosario\/","title":{"rendered":"Personas con discapacidad en el debate sobre transporte urbano en Rosario \u00a0"},"content":{"rendered":"<p><a href=\"http:\/\/argentinamunicipal.com.ar\/argentina\/wp-content\/uploads\/2015\/03\/tupespecialrosario190111.jpg\"><img loading=\"lazy\" decoding=\"async\" class=\"alignleft size-full wp-image-25716\" src=\"http:\/\/argentinamunicipal.com.ar\/argentina\/wp-content\/uploads\/2015\/03\/tupespecialrosario190111.jpg\" alt=\"tupespecialrosario190111\" width=\"468\" height=\"274\" srcset=\"http:\/\/argentinamunicipal.com.ar\/argentina\/wp-content\/uploads\/2015\/03\/tupespecialrosario190111.jpg 468w, http:\/\/argentinamunicipal.com.ar\/argentina\/wp-content\/uploads\/2015\/03\/tupespecialrosario190111-300x176.jpg 300w\" sizes=\"auto, (max-width: 468px) 100vw, 468px\" \/><\/a>La Comisi\u00f3n de Servicios P\u00fablicos contin\u00faa con los debates sobre el nuevo pliego de Transporte Urbano de Pasajeros. Este viernes se re\u00fane con los representantes de las organizaciones de personas con discapacidad, asociaciones civiles y usuarios particulares. Adem\u00e1s, estar\u00e1 presente la Subsecretaria de Movilidad y Seguridad, M\u00f3nica Alvarado.<\/p>\n<p>Con el objeto de seguir recogiendo propuestas y aportes de los usuarios de transporte al nuevo pliego del Transporte Urbano P\u00fablico (TUP), los integrantes de la Comisi\u00f3n de Servicios P\u00fablicos, presidida por el Concejal Carlos Comi, junto a la Ing. M\u00f3nica Alvarado reciben este viernes a las 12hs en el Concejo Municipal (C\u00f3rdoba 501), a las entidades representantes de las personas con discapacidad.<\/p>\n<p>\u00abTenemos expectativa de tener nuevamente una buena reuni\u00f3n, de donde obtener propuestas concretas a fin de modificar lo que resulte necesario para la comodidad y movilidad de todos los usuarios del transporte p\u00fablico de la ciudad\u00bb indic\u00f3 el presidente de la comisi\u00f3n Carlos Comi, perteneciente al Frente Progresista por la Coalici\u00f3n Civica-ARI, qui\u00e9n recientemente lanz\u00f3 su precandidatura a senador departamental por Rosario.<\/p>\n<p>Entre las organizaciones y entidades invitadas a dialogar, se encuentran: Rosario Accesible, La Pagola, el Concejo de Discapacidad, Sin Barreras, Asociaci\u00f3n Civil Consodonis &#8211; Conciencia Social en Discapacidad, Asociaciones Civiles Autoconvocadas y particulares, entre otros.<\/p>\n<p>Recordemos que como modalidad, la Comisi\u00f3n de Servicios P\u00fablicos, decidi\u00f3 realizar reuniones quincenales para debatir sobre el nuevo pliego del TUP con los diferentes actores sociales, vecinales de las diferentes zonas de la ciudad con el objetivo de atender las demandas de los usuarios respecto al uso cotidiano del servicio. La primera reuni\u00f3n se llev\u00f3 a cabo el pasado 19 de febrero con los vecinos de la zona sur de Rosario.<\/p>\n<h6>Fuente: Sin Mordaza<\/h6>\n","protected":false},"excerpt":{"rendered":"<p>La Comisi\u00f3n de Servicios P\u00fablicos contin\u00faa con los debates sobre el nuevo pliego de Transporte Urbano de Pasajeros. Este viernes se re\u00fane con los representantes de las organizaciones de personas con discapacidad, asociaciones civiles y usuarios particulares. Adem\u00e1s, estar\u00e1 presente la Subsecretaria de Movilidad y Seguridad, M\u00f3nica Alvarado. Con el objeto de seguir recogiendo propuestas<\/p>\n","protected":false},"author":2,"featured_media":25716,"comment_status":"closed","ping_status":"closed","sticky":false,"template":"","format":"standard","meta":{"footnotes":""},"categories":[2],"tags":[10],"class_list":["post-25715","post","type-post","status-publish","format-standard","has-post-thumbnail","hentry","category-informe-municipal","tag-santa-fe"],"_links":{"self":[{"href":"http:\/\/argentinamunicipal.com.ar\/argentina\/wp-json\/wp\/v2\/posts\/25715","targetHints":{"allow":["GET"]}}],"collection":[{"href":"http:\/\/argentinamunicipal.com.ar\/argentina\/wp-json\/wp\/v2\/posts"}],"about":[{"href":"http:\/\/argentinamunicipal.com.ar\/argentina\/wp-json\/wp\/v2\/types\/post"}],"author":[{"embeddable":true,"href":"http:\/\/argentinamunicipal.com.ar\/argentina\/wp-json\/wp\/v2\/users\/2"}],"replies":[{"embeddable":true,"href":"http:\/\/argentinamunicipal.com.ar\/argentina\/wp-json\/wp\/v2\/comments?post=25715"}],"version-history":[{"count":0,"href":"http:\/\/argentinamunicipal.com.ar\/argentina\/wp-json\/wp\/v2\/posts\/25715\/revisions"}],"wp:featuredmedia":[{"embeddable":true,"href":"http:\/\/argentinamunicipal.com.ar\/argentina\/wp-json\/wp\/v2\/media\/25716"}],"wp:attachment":[{"href":"http:\/\/argentinamunicipal.com.ar\/argentina\/wp-json\/wp\/v2\/media?parent=25715"}],"wp:term":[{"taxonomy":"category","embeddable":true,"href":"http:\/\/argentinamunicipal.com.ar\/argentina\/wp-json\/wp\/v2\/categories?post=25715"},{"taxonomy":"post_tag","embeddable":true,"href":"http:\/\/argentinamunicipal.com.ar\/argentina\/wp-json\/wp\/v2\/tags?post=25715"}],"curies":[{"name":"wp","href":"https:\/\/api.w.org\/{rel}","templated":true}]}}