{"id":25718,"date":"2015-03-05T09:42:40","date_gmt":"2015-03-05T12:42:40","guid":{"rendered":"http:\/\/argentinamunicipal.com.ar\/argentina\/?p=25718"},"modified":"2015-03-05T09:42:40","modified_gmt":"2015-03-05T12:42:40","slug":"mas-de-un-centenar-de-carreros-rosarinos-buscan-regularizar-su-actividad","status":"publish","type":"post","link":"http:\/\/argentinamunicipal.com.ar\/argentina\/mas-de-un-centenar-de-carreros-rosarinos-buscan-regularizar-su-actividad\/","title":{"rendered":"M\u00e1s de un centenar de carreros rosarinos buscan regularizar su actividad"},"content":{"rendered":"<div id=\"attachment_25719\" style=\"width: 631px\" class=\"wp-caption aligncenter\"><a href=\"http:\/\/argentinamunicipal.com.ar\/argentina\/wp-content\/uploads\/2015\/03\/c401-Silvina_Salinas.jpg_88717827.jpg\"><img loading=\"lazy\" decoding=\"async\" aria-describedby=\"caption-attachment-25719\" class=\"size-full wp-image-25719\" src=\"http:\/\/argentinamunicipal.com.ar\/argentina\/wp-content\/uploads\/2015\/03\/c401-Silvina_Salinas.jpg_88717827.jpg\" alt=\"En retirada. Una mujer conduc\u00eda ayer un carro tirado por un caballo en una avenida. Dentro de 60 d\u00edas no podr\u00e1 hacerlo m\u00e1s.\" width=\"621\" height=\"465\" srcset=\"http:\/\/argentinamunicipal.com.ar\/argentina\/wp-content\/uploads\/2015\/03\/c401-Silvina_Salinas.jpg_88717827.jpg 621w, http:\/\/argentinamunicipal.com.ar\/argentina\/wp-content\/uploads\/2015\/03\/c401-Silvina_Salinas.jpg_88717827-300x225.jpg 300w\" sizes=\"auto, (max-width: 621px) 100vw, 621px\" \/><\/a><p id=\"caption-attachment-25719\" class=\"wp-caption-text\">En retirada. Una mujer conduc\u00eda ayer un carro tirado por un caballo en una avenida. Dentro de 60 d\u00edas no podr\u00e1 hacerlo m\u00e1s.<\/p><\/div>\n<p>Se acercaron ayer hasta la ex Sociedad Rural en el Parque Independencia. Muchos entregaron sus caballos ante la aplicaci\u00f3n de la norma para eliminar la tracci\u00f3n a sangre.<\/p>\n<p>La amenaza de un paro municipal hab\u00eda suspendido hasta ma\u00f1ana la puesta en marcha del programa para la erradicaci\u00f3n de la tracci\u00f3n a sangre; sin embargo, unos 150 carreros se presentaron ayer en el predio de la ex Sociedad Rural. Algunos pocos llegaron con la decisi\u00f3n tomada de entregar su caballo y sumarse a alguna de las alternativas propuestas por el municipio para reconvertir su oficio; otros, con dudas, y no faltaron quienes directamente fueron a dejar planteada su resistencia al cambio. \u00abEs un n\u00famero importante de gente y abre un proceso largo y costoso, tenemos una vocaci\u00f3n de di\u00e1logo absoluta, pero tambi\u00e9n estamos convencidos de que les hacemos la mejor propuesta\u00bb, explic\u00f3 la subsecretaria de Econom\u00eda Solidaria de la Municipalidad, Susana Bartolom\u00e9.<\/p>\n<p>Desde el anuncio de la intendenta M\u00f3nica Fein, el programa integral para recuperadores urbanos fue resistido por diferentes grupos de carreros. Hubo manifestaciones, cortes de calle e incluso este mismo lunes se presentaron bajo la lluvia en el Palacio Municipal para dejar en claro su descontento. A eso se sum\u00f3 que la amenaza de un paro de empleados municipales oblig\u00f3 a posponer del 4 al 6 de marzo la fecha de inicio de las inscripciones.<\/p>\n<p>Pese a eso, unos 150 jefas y jefes de familia que viven de la recolecci\u00f3n informal de residuos y que utilizan carros tirados por caballos se presentaron ayer en el predio del parque Independencia. \u00abEs un n\u00famero mucho m\u00e1s elevado del que esper\u00e1bamos, por lo que se defini\u00f3 continuar ma\u00f1ana (por hoy)\u00bb, explic\u00f3 la subsecretaria de Econom\u00eda Solidaria. La inscripci\u00f3n se extender\u00e1 hasta el 30 de abril pr\u00f3ximo, todos los d\u00edas, de 9 a 12, en el predio de la ex Sociedad Rural (Oro\u00f1o y 27 de Febrero).<\/p>\n<p>Se estima que en la ciudad hay m\u00e1s de 2 mil caballos y que son m\u00e1s de 1.500 las familias que viven de la recolecci\u00f3n informal. El programa Andares llega para implementar de forma definitiva de la ordenanza de erradicaci\u00f3n de la tracci\u00f3n a sangre aprobada en 2010, y que llevar\u00e1n adelante las secretar\u00edas de Servicios P\u00fablicos, Control y Convivencia Ciudadana, Promoci\u00f3n Social y Producci\u00f3n, e implicar\u00e1 una inversi\u00f3n de 8 millones de pesos a lo largo de 2015.<\/p>\n<p>Posiciones. Las posiciones de los m\u00e1s de 150 carreros que se presentaron fueron dispares, seg\u00fan cont\u00f3 Bartolom\u00e9. Apenas una veintena lleg\u00f3 con la idea clara de dejar de utilizar los animales paran sumarse a una de las cinco alternativas que propone la Municipalidad, que incluyen el cooperativismo para tareas de higiene urbana y mantenimiento en la ciudad; el cambio de caballo por alg\u00fan otro prototipo, como bicicletas con carros complementarios o manuales; trabajos en huerta de agricultura urbana o capacitaciones en oficios.<\/p>\n<p>Pero la mayor\u00eda se acerc\u00f3 con dudas. \u00abEs un proceso largo que deben hacer estas personas y que hay que respetar, por eso estamos abiertos al di\u00e1logo absoluto\u00bb, plante\u00f3 la funcionaria.<\/p>\n<p>En muchos casos se trata de familias que llevan toda una vida viviendo de la recolecci\u00f3n informal con el caballo como herramienta fundamental y, en ese sentido, Bartolom\u00e9 plante\u00f3: \u00abNo se ven haciendo otra cosa, por eso, hay que darles tiempo\u00bb.<\/p>\n<p>A eso se suman las dificultades y miedos que muchos tienen.<\/p>\n<p>\u00abAlgunos, por ejemplo, no saben leer ni escribir y entonces temen no poder sacar un carn\u00e9 de conducir en caso de sumarse a una cooperativa. Estos obst\u00e1culos, por el contexto y la realidad de estas familias, deben ser escuchados y acompa\u00f1arlos en el proceso\u00bb, agreg\u00f3 la titular de Econom\u00eda Solidaria.<\/p>\n<p>Unos pocos fueron directamente a dejar en claro su negativa a entregar los animales. Pero as\u00ed y todo, algunos se terminaron inscribiendo al programa.<\/p>\n<p>Por todo esto, la funcionaria reiter\u00f3 la vocaci\u00f3n de di\u00e1logo y la flexibilidad, pero aclar\u00f3 que \u00abse deja en claro que este es un proceso que se inici\u00f3 y que en 60 d\u00edas, el que no est\u00e9 inscripto queda afuera. Y eso es planteado con total claridad\u00bb, remarc\u00f3.<\/p>\n<h6>Fuente: La Capital, Rosario<\/h6>\n","protected":false},"excerpt":{"rendered":"<p>Se acercaron ayer hasta la ex Sociedad Rural en el Parque Independencia. Muchos entregaron sus caballos ante la aplicaci\u00f3n de la norma para eliminar la tracci\u00f3n a sangre. La amenaza de un paro municipal hab\u00eda suspendido hasta ma\u00f1ana la puesta en marcha del programa para la erradicaci\u00f3n de la tracci\u00f3n a sangre; sin embargo, unos<\/p>\n","protected":false},"author":2,"featured_media":25719,"comment_status":"closed","ping_status":"closed","sticky":false,"template":"","format":"standard","meta":{"footnotes":""},"categories":[2],"tags":[10],"class_list":["post-25718","post","type-post","status-publish","format-standard","has-post-thumbnail","hentry","category-informe-municipal","tag-santa-fe"],"_links":{"self":[{"href":"http:\/\/argentinamunicipal.com.ar\/argentina\/wp-json\/wp\/v2\/posts\/25718","targetHints":{"allow":["GET"]}}],"collection":[{"href":"http:\/\/argentinamunicipal.com.ar\/argentina\/wp-json\/wp\/v2\/posts"}],"about":[{"href":"http:\/\/argentinamunicipal.com.ar\/argentina\/wp-json\/wp\/v2\/types\/post"}],"author":[{"embeddable":true,"href":"http:\/\/argentinamunicipal.com.ar\/argentina\/wp-json\/wp\/v2\/users\/2"}],"replies":[{"embeddable":true,"href":"http:\/\/argentinamunicipal.com.ar\/argentina\/wp-json\/wp\/v2\/comments?post=25718"}],"version-history":[{"count":0,"href":"http:\/\/argentinamunicipal.com.ar\/argentina\/wp-json\/wp\/v2\/posts\/25718\/revisions"}],"wp:featuredmedia":[{"embeddable":true,"href":"http:\/\/argentinamunicipal.com.ar\/argentina\/wp-json\/wp\/v2\/media\/25719"}],"wp:attachment":[{"href":"http:\/\/argentinamunicipal.com.ar\/argentina\/wp-json\/wp\/v2\/media?parent=25718"}],"wp:term":[{"taxonomy":"category","embeddable":true,"href":"http:\/\/argentinamunicipal.com.ar\/argentina\/wp-json\/wp\/v2\/categories?post=25718"},{"taxonomy":"post_tag","embeddable":true,"href":"http:\/\/argentinamunicipal.com.ar\/argentina\/wp-json\/wp\/v2\/tags?post=25718"}],"curies":[{"name":"wp","href":"https:\/\/api.w.org\/{rel}","templated":true}]}}