{"id":25734,"date":"2015-03-05T09:00:50","date_gmt":"2015-03-05T12:00:50","guid":{"rendered":"http:\/\/argentinamunicipal.com.ar\/argentina\/?p=25734"},"modified":"2015-03-05T10:00:20","modified_gmt":"2015-03-05T13:00:20","slug":"advierten-que-aun-no-se-puede-aplicar-en-rosario-el-descanso-dominical","status":"publish","type":"post","link":"http:\/\/argentinamunicipal.com.ar\/argentina\/advierten-que-aun-no-se-puede-aplicar-en-rosario-el-descanso-dominical\/","title":{"rendered":"Advierten que a\u00fan no se puede aplicar en Rosario el descanso dominical"},"content":{"rendered":"<div id=\"attachment_25735\" style=\"width: 631px\" class=\"wp-caption aligncenter\"><a href=\"http:\/\/argentinamunicipal.com.ar\/argentina\/wp-content\/uploads\/2015\/03\/0305-c901-Silvina_Salinas.jpg_88717827.jpg\"><img loading=\"lazy\" decoding=\"async\" aria-describedby=\"caption-attachment-25735\" class=\"size-full wp-image-25735\" src=\"http:\/\/argentinamunicipal.com.ar\/argentina\/wp-content\/uploads\/2015\/03\/0305-c901-Silvina_Salinas.jpg_88717827.jpg\" alt=\"Reclamo. Empleados de Comercio pidieron la aplicaci\u00f3n de la ley frente a varios supermercados de la ciudad.\" width=\"621\" height=\"465\" srcset=\"http:\/\/argentinamunicipal.com.ar\/argentina\/wp-content\/uploads\/2015\/03\/0305-c901-Silvina_Salinas.jpg_88717827.jpg 621w, http:\/\/argentinamunicipal.com.ar\/argentina\/wp-content\/uploads\/2015\/03\/0305-c901-Silvina_Salinas.jpg_88717827-300x225.jpg 300w\" sizes=\"auto, (max-width: 621px) 100vw, 621px\" \/><\/a><p id=\"caption-attachment-25735\" class=\"wp-caption-text\">Reclamo. Empleados de Comercio pidieron la aplicaci\u00f3n de la ley frente a varios supermercados de la ciudad.<\/p><\/div>\n<p>Lo dijeron empresarios y ediles porque desde el Ejecutivo provincial todav\u00eda no reglamentaron la norma. Muchos temen que se pierdan 1.500 puestos de trabajo.<\/p>\n<p>&nbsp;<\/p>\n<p>El debate por la adhesi\u00f3n local a la ley de descanso dominical sum\u00f3 un nuevo ingrediente: empresarios y ediles advirtieron que la norma a\u00fan no se puede aplicar por falta de reglamentaci\u00f3n del Ejecutivo provincial. \u00abNo es serio avanzar con la discusi\u00f3n en el Concejo hasta que la provincia no reglamente la ley\u00bb, opin\u00f3 el concejal Carlos Cardozo (Uni\u00f3n PRO). \u00abLas ciudades que ya adhirieron igual no la pueden aplicar por esa situaci\u00f3n\u00bb, agreg\u00f3. Desde el Foro Regional alertaron que la restricci\u00f3n comercial implicar\u00e1 \u00aben toda la provincia de Santa Fe, unos 1.500 trabajadores desocupados\u00bb.<\/p>\n<p>Los planteos se escucharon en una reuni\u00f3n conjunta de las comisiones de Gobierno y Producci\u00f3n del Concejo. All\u00ed los ediles recibieron a referentes del Foro Regional Rosario, el Grupo Trascender, la Fundaci\u00f3n Apertura y la Asociaci\u00f3n Empresaria Hotelero Gastron\u00f3mica de Rosario (Aehgar).<\/p>\n<p>Fue la primera de una serie de reuniones que pautaron los concejales con empresarios y representantes sindicales antes de definir si la cuidad adhiere a la ley de descanso dominical que sancion\u00f3 la Legislatura en noviembre de 2014.<\/p>\n<p>En ese marco, Cardozo se\u00f1al\u00f3: \u00abLa ley fij\u00f3 90 d\u00edas para que el Ejecutivo la reglamente. Eso a\u00fan no ocurri\u00f3, con lo cual no es serio avanzar en el debate en la ciudad si antes la provincia no completa su parte\u00bb.<\/p>\n<p>Adem\u00e1s, el edil remarc\u00f3 que \u00aba autoridad de aplicaci\u00f3n de la ley es el gobierno de Santa Fe y como tal deber\u00eda realizar estudios de impacto laboral y econ\u00f3mico previos\u00bb a que se aplique la norma.<\/p>\n<p>Al respecto, Cardozo sugiri\u00f3 que la provincia tendr\u00eda que encomendarle un relevamiento de ese estilo a la Facultad de Ciencias Econ\u00f3micas de la Universidad Nacional de Rosario (UNR).<\/p>\n<p>\u00abEs muy peligroso avanzar con descanso dominical en Rosario si no sabemos fehacientemente cuantas fuentes laborales se pueden llegar a perder\u00bb, complet\u00f3 el representante de Uni\u00f3n PRO.<\/p>\n<p>En la misma l\u00ednea se pronunci\u00f3 el titular del Grupo Trascender, Carlos Cristini. Mencion\u00f3 que de concretarse la adhesi\u00f3n habr\u00e1 quienes cobrar\u00e1n \u00abmenos salarios y habr\u00e1 menos empleo\u00bb. Advirti\u00f3 que pueden cerrarse fuentes de trabajo \u00abque no volver\u00e1n a abrir\u00bb e indic\u00f3 que \u00abla librer\u00eda m\u00e1s importante del mundo no tiene local, Amazon, (vende) por comercio electr\u00f3nico\u00bb.<\/p>\n<p>La coordinadora ejecutiva del Foro Regional, Selva Raggio, pronostic\u00f3 que de aplicarse la normativa significar\u00e1 \u00aben toda la provincia, 1.500 trabajadores desocupados porque los supermercados van a dividir por seis d\u00edas y no siete la grilla horaria y los francos\u00bb.<\/p>\n<p>Tambi\u00e9n apunt\u00f3 que habr\u00e1 una \u00abdisminuci\u00f3n del salario, que son m\u00ednimos, de entre 15 y 20 por cientom por la ca\u00edda de horas extra, de aquellos que trabajan los d\u00edas domingo\u00bb.<\/p>\n<p>Luego vaticin\u00f3 que el hipermercado Carrefour que se encuentra en la avenida de Circunvalaci\u00f3n, que \u00abcuando m\u00e1s vende es s\u00e1bados y domingos, cerrar\u00e1 y se instalar\u00e1 en Victoria\u00bb.<\/p>\n<p>Desde Aehgar, su gerenta, Mar\u00eda Ofelia Polito, indic\u00f3 que la entidad trabaja en nuevas opciones para que haya ocupaci\u00f3n hotelera m\u00e1s d\u00edas y que el cierre de locales comerciales afecta ese objetivo.<\/p>\n<p>Aseguran que cruz\u00f3 en rojo el conductor que mat\u00f3 a una docente<\/p>\n<p>Los familiares de la docente que fue arrollada en Salta y Lagos y luego falleci\u00f3 por el impacto del accidente, aseguraron que en el juicio abreviado donde se conden\u00f3 al automovilista qued\u00f3 asentado que \u00abcruz\u00f3 en rojo y a alta velocidad\u00bb. De esta forma, salieron al cruce de la versi\u00f3n brindada por el abogado del conductor, quien consign\u00f3 que su defendido atraves\u00f3 la esquina \u00abjusto cuando el sem\u00e1foro cambiaba de se\u00f1al\u00bb.<\/p>\n<p>Pablo Troyeto, hijo de la maestra Miriam Teresa Delorenzi, de 55 a\u00f1os, se mostr\u00f3 indignado con las declaraciones del abogado Fausto Yrure, defensor del automovilista que protagoniz\u00f3 un espectacular accidente fatal el pasado 5 de junio de 2014.<\/p>\n<p>Seg\u00fan Yrure, qued\u00f3 acreditado en la causa que \u00abhubo un accionar imprudente del automovilista pero ninguna intenci\u00f3n de terminar con la vida de otra persona. T\u00e9cnicamente cruz\u00f3 la esquina al mismo tiempo que la moto que ven\u00eda por Ovidio Lagos, justo cuando cambi\u00f3 la se\u00f1al del sem\u00e1foro\u00bb.<\/p>\n<p>Troyeto dio otra versi\u00f3n de lo sucedido. \u00abEn el acta que firmamos, el conductor (Maximiliano Gigli) se hizo cargo de haber cruzado en rojo y a alta velocidad. La verdad es que no sabemos por qu\u00e9 salen a decir ahora otra cosa\u00bb, remarc\u00f3.<\/p>\n<p>El hijo de Delorenzi aludi\u00f3 al procedimiento abreviado que suscribieron las partes el martes en Tribunales. All\u00ed el juez Jos\u00e9 Luis Su\u00e1rez conden\u00f3 a Gigli como \u00abautor responsable del delito de homicidio culposo agravado por la conducci\u00f3n imprudente de un veh\u00edculo automotor\u00bb.<\/p>\n<p>El magistrado aplic\u00f3 una pena de tres a\u00f1os de prisi\u00f3n de cumplimiento condicional e inhabilitaci\u00f3n especial por siete a\u00f1os para la conducci\u00f3n de veh\u00edculos automotores, de cumplimiento efectivo.<\/p>\n<p>Adem\u00e1s, el juez Su\u00e1rez le exigi\u00f3 al condenado que no abuse \u00abdel consumo de bebidas alcoh\u00f3licas ni de estupefacientes\u00bb y le encomend\u00f3 \u00absometerse al cuidado de la direcci\u00f3n provincial de control postpenitenciario\u00bb.<\/p>\n<h6>Fuente: La Capital, Rosario<\/h6>\n","protected":false},"excerpt":{"rendered":"<p>Lo dijeron empresarios y ediles porque desde el Ejecutivo provincial todav\u00eda no reglamentaron la norma. Muchos temen que se pierdan 1.500 puestos de trabajo. &nbsp; El debate por la adhesi\u00f3n local a la ley de descanso dominical sum\u00f3 un nuevo ingrediente: empresarios y ediles advirtieron que la norma a\u00fan no se puede aplicar por falta<\/p>\n","protected":false},"author":2,"featured_media":25735,"comment_status":"closed","ping_status":"closed","sticky":false,"template":"","format":"standard","meta":{"footnotes":""},"categories":[2,4],"tags":[10],"class_list":["post-25734","post","type-post","status-publish","format-standard","has-post-thumbnail","hentry","category-informe-municipal","category-informe-politico","tag-santa-fe"],"_links":{"self":[{"href":"http:\/\/argentinamunicipal.com.ar\/argentina\/wp-json\/wp\/v2\/posts\/25734","targetHints":{"allow":["GET"]}}],"collection":[{"href":"http:\/\/argentinamunicipal.com.ar\/argentina\/wp-json\/wp\/v2\/posts"}],"about":[{"href":"http:\/\/argentinamunicipal.com.ar\/argentina\/wp-json\/wp\/v2\/types\/post"}],"author":[{"embeddable":true,"href":"http:\/\/argentinamunicipal.com.ar\/argentina\/wp-json\/wp\/v2\/users\/2"}],"replies":[{"embeddable":true,"href":"http:\/\/argentinamunicipal.com.ar\/argentina\/wp-json\/wp\/v2\/comments?post=25734"}],"version-history":[{"count":0,"href":"http:\/\/argentinamunicipal.com.ar\/argentina\/wp-json\/wp\/v2\/posts\/25734\/revisions"}],"wp:featuredmedia":[{"embeddable":true,"href":"http:\/\/argentinamunicipal.com.ar\/argentina\/wp-json\/wp\/v2\/media\/25735"}],"wp:attachment":[{"href":"http:\/\/argentinamunicipal.com.ar\/argentina\/wp-json\/wp\/v2\/media?parent=25734"}],"wp:term":[{"taxonomy":"category","embeddable":true,"href":"http:\/\/argentinamunicipal.com.ar\/argentina\/wp-json\/wp\/v2\/categories?post=25734"},{"taxonomy":"post_tag","embeddable":true,"href":"http:\/\/argentinamunicipal.com.ar\/argentina\/wp-json\/wp\/v2\/tags?post=25734"}],"curies":[{"name":"wp","href":"https:\/\/api.w.org\/{rel}","templated":true}]}}