{"id":25761,"date":"2015-03-05T10:26:32","date_gmt":"2015-03-05T13:26:32","guid":{"rendered":"http:\/\/argentinamunicipal.com.ar\/argentina\/?p=25761"},"modified":"2015-03-05T10:26:32","modified_gmt":"2015-03-05T13:26:32","slug":"el-municipio-de-comodoro-cuenta-con-su-propio-laboratorio-de-mecanica-dental","status":"publish","type":"post","link":"http:\/\/argentinamunicipal.com.ar\/argentina\/el-municipio-de-comodoro-cuenta-con-su-propio-laboratorio-de-mecanica-dental\/","title":{"rendered":"El municipio de Comodoro cuenta con su propio laboratorio de mec\u00e1nica dental"},"content":{"rendered":"<p><a href=\"http:\/\/argentinamunicipal.com.ar\/argentina\/wp-content\/uploads\/2015\/03\/54f7a877917cd_619_347.jpg\"><img loading=\"lazy\" decoding=\"async\" class=\"aligncenter size-full wp-image-25762\" src=\"http:\/\/argentinamunicipal.com.ar\/argentina\/wp-content\/uploads\/2015\/03\/54f7a877917cd_619_347.jpg\" alt=\"54f7a877917cd_619_347!\" width=\"619\" height=\"347\" srcset=\"http:\/\/argentinamunicipal.com.ar\/argentina\/wp-content\/uploads\/2015\/03\/54f7a877917cd_619_347.jpg 619w, http:\/\/argentinamunicipal.com.ar\/argentina\/wp-content\/uploads\/2015\/03\/54f7a877917cd_619_347-300x168.jpg 300w\" sizes=\"auto, (max-width: 619px) 100vw, 619px\" \/><\/a><br \/>\nCon importante presencia de autoridades, ayer en el Centro de Salud de Kil\u00f3metro 5 se inaugur\u00f3 un laboratorio de mec\u00e1nica dental con el objetivo de afianzar un proyecto odontol\u00f3gico iniciado por el municipio en 2012. El mismo permitir\u00e1 confeccionar m\u00e1s cantidad de pr\u00f3tesis y satisfacer las necesidades de rehabilitaci\u00f3n de los adultos mayores en el menor tiempo posible.<\/p>\n<p>A partir de la inauguraci\u00f3n del laboratorio de mec\u00e1nica dental del municipio, la secretaria de Desarrollo Humano y Familia, Ana Llanos, coment\u00f3 que agradeci\u00f3 el trabajo de personal de Salud, centros de promoci\u00f3n barrial y el acompa\u00f1amiento del gremio municipal, concejales y de una empresa que colabor\u00f3 con el equipamiento necesario para el laboratorio, a trav\u00e9s de la Ordenanza de Responsabilidad Social Empresaria.<\/p>\n<p>\u201cHoy inauguramos un servicio en beneficio de la comunidad, para que perdure en el tiempo m\u00e1s all\u00e1 de la gesti\u00f3n. Vamos a continuar con pol\u00edticas sociales que contienen a la ciudadan\u00eda y hasta el \u00faltimo d\u00eda voy a acompa\u00f1ar a las personas que trabajan d\u00eda a d\u00eda para tener el Comodoro que deseamos\u201d, puntualiz\u00f3 la secretaria.<\/p>\n<p>\u201cTenemos que mantenernos todos juntos para continuar trabajando para la gente y vamos a luchar para que esto se ampl\u00ede y pueda abarcar a la ciudadan\u00eda de zona norte y zona sur. No vamos a parar en la lucha, comenzamos con los adultos mayores pero vamos a seguir incluyendo cada vez a m\u00e1s personas\u201d, subray\u00f3.<\/p>\n<p>Mientras, el subsecretario de Salud, Carlos Catal\u00e1 expres\u00f3 que \u201cel proyecto comenz\u00f3 hace tres a\u00f1os trabajando en el barrio San Mart\u00edn, con la confecci\u00f3n de pr\u00f3tesis de manera gratuita. Sabemos los costos de tratamientos odontol\u00f3gicos por lo tanto avanzamos junto a la Secretar\u00eda y el intendente N\u00e9stor Di Pierro en la existencia de atenci\u00f3n odontol\u00f3gica municipal para brindar respuesta a una necesidad de la comunidad\u201d.<\/p>\n<p>Agreg\u00f3 que la inauguraci\u00f3n de un laboratorio de mec\u00e1nica dental forma parte de los tres ejes fundamentales para el mejoramiento de la salud bucal de la ciudad. El primero de ellos es la atenci\u00f3n primaria de la salud, desarrollando actividades en escuelas, jardines maternales, jardines provinciales, colonias y talleres, con lo que se llega a m\u00e1s de 5.000 ni\u00f1os.<\/p>\n<p>\u201cOtro de los ejes apunta al acceso a la atenci\u00f3n odontol\u00f3gica, a trav\u00e9s de la instalaci\u00f3n de tres consultorios estrat\u00e9gicamente ubicados en barrio Moure, San Mart\u00edn y Kil\u00f3metro 5, con el objetivo de lograr una rehabilitaci\u00f3n oral integral. Por \u00faltimo la colocaci\u00f3n de pr\u00f3tesis a adultos mayores, donde se trabaj\u00f3 en el Hogar Pablo VI y hoy ya vemos concluido nuestro propio laboratorio que las brindar\u00e1, tal como se ven\u00eda realizando, de manera gratuita\u201d.<\/p>\n<p>Catal\u00e1 agradeci\u00f3 al coordinador de Salud, Jorge Esp\u00edndola y a todo su equipo por los esfuerzos y trabajos realizados desde los inicios y a todas las \u00e1reas municipales que colaboraron para esta inauguraci\u00f3n, llamando a las instituciones a cada vez incluir a m\u00e1s personas en estas pol\u00edticas sociales.<\/p>\n<h6>Fuente: Patag\u00f3nico<\/h6>\n","protected":false},"excerpt":{"rendered":"<p>Con importante presencia de autoridades, ayer en el Centro de Salud de Kil\u00f3metro 5 se inaugur\u00f3 un laboratorio de mec\u00e1nica dental con el objetivo de afianzar un proyecto odontol\u00f3gico iniciado por el municipio en 2012. El mismo permitir\u00e1 confeccionar m\u00e1s cantidad de pr\u00f3tesis y satisfacer las necesidades de rehabilitaci\u00f3n de los adultos mayores en el<\/p>\n","protected":false},"author":2,"featured_media":25762,"comment_status":"closed","ping_status":"closed","sticky":false,"template":"","format":"standard","meta":{"footnotes":""},"categories":[2],"tags":[14],"class_list":["post-25761","post","type-post","status-publish","format-standard","has-post-thumbnail","hentry","category-informe-municipal","tag-chubut"],"_links":{"self":[{"href":"http:\/\/argentinamunicipal.com.ar\/argentina\/wp-json\/wp\/v2\/posts\/25761","targetHints":{"allow":["GET"]}}],"collection":[{"href":"http:\/\/argentinamunicipal.com.ar\/argentina\/wp-json\/wp\/v2\/posts"}],"about":[{"href":"http:\/\/argentinamunicipal.com.ar\/argentina\/wp-json\/wp\/v2\/types\/post"}],"author":[{"embeddable":true,"href":"http:\/\/argentinamunicipal.com.ar\/argentina\/wp-json\/wp\/v2\/users\/2"}],"replies":[{"embeddable":true,"href":"http:\/\/argentinamunicipal.com.ar\/argentina\/wp-json\/wp\/v2\/comments?post=25761"}],"version-history":[{"count":0,"href":"http:\/\/argentinamunicipal.com.ar\/argentina\/wp-json\/wp\/v2\/posts\/25761\/revisions"}],"wp:featuredmedia":[{"embeddable":true,"href":"http:\/\/argentinamunicipal.com.ar\/argentina\/wp-json\/wp\/v2\/media\/25762"}],"wp:attachment":[{"href":"http:\/\/argentinamunicipal.com.ar\/argentina\/wp-json\/wp\/v2\/media?parent=25761"}],"wp:term":[{"taxonomy":"category","embeddable":true,"href":"http:\/\/argentinamunicipal.com.ar\/argentina\/wp-json\/wp\/v2\/categories?post=25761"},{"taxonomy":"post_tag","embeddable":true,"href":"http:\/\/argentinamunicipal.com.ar\/argentina\/wp-json\/wp\/v2\/tags?post=25761"}],"curies":[{"name":"wp","href":"https:\/\/api.w.org\/{rel}","templated":true}]}}