{"id":25764,"date":"2015-03-05T10:31:08","date_gmt":"2015-03-05T13:31:08","guid":{"rendered":"http:\/\/argentinamunicipal.com.ar\/argentina\/?p=25764"},"modified":"2015-03-05T10:31:08","modified_gmt":"2015-03-05T13:31:08","slug":"brindaran-charlas-de-concientizacion-ambiental-en-los-centros-comunales-de-rawson","status":"publish","type":"post","link":"http:\/\/argentinamunicipal.com.ar\/argentina\/brindaran-charlas-de-concientizacion-ambiental-en-los-centros-comunales-de-rawson\/","title":{"rendered":"Brindar\u00e1n charlas de concientizaci\u00f3n ambiental en los centros comunales de Rawson"},"content":{"rendered":"<p><a href=\"http:\/\/argentinamunicipal.com.ar\/argentina\/wp-content\/uploads\/2015\/03\/E63BF9C6A.jpg\"><img loading=\"lazy\" decoding=\"async\" class=\"aligncenter size-full wp-image-25765\" src=\"http:\/\/argentinamunicipal.com.ar\/argentina\/wp-content\/uploads\/2015\/03\/E63BF9C6A.jpg\" alt=\"E63BF9C6A\" width=\"586\" height=\"386\" srcset=\"http:\/\/argentinamunicipal.com.ar\/argentina\/wp-content\/uploads\/2015\/03\/E63BF9C6A.jpg 586w, http:\/\/argentinamunicipal.com.ar\/argentina\/wp-content\/uploads\/2015\/03\/E63BF9C6A-300x198.jpg 300w\" sizes=\"auto, (max-width: 586px) 100vw, 586px\" \/><\/a><br \/>\nEn los pr\u00f3ximos d\u00edas, un grupo de empleados municipales que se capacit\u00f3 durante el a\u00f1o pasado en t\u00e9cnicas de concientizaci\u00f3n de cuidado del ambiente visitar\u00e1 los distintos centros barriales de la ciudad de Rawson para dictar charlas a los vecinos.<\/p>\n<h3>Proyectos ecol\u00f3gicos<\/h3>\n<p>Durante los \u00faltimos tres a\u00f1os, desde la Municipalidad destacaron que la secretar\u00eda de Producci\u00f3n y Medio Ambiente desarroll\u00f3 m\u00faltiples programas para lograr una ciudad m\u00e1s limpia y ordenada. El cronograma de recolecci\u00f3n de residuos, la Planta de Transferencia del Girsu, el cierre del basural a cielo abierto, las cuadrillas de limpieza por barrios, son algunas de las tantas iniciativas que se\u00f1alaron se vienen aplicando.<\/p>\n<p>El Secretario de Producci\u00f3n y Medio Ambiente, Jorge Aleua, invit\u00f3 \u201ca todos los vecinos y asociaciones sociales que quieran sumarse a nuestras iniciativas. Sabemos que hay agrupaciones que le han acercado algunos proyectos similares a la intendenta, como la asociaci\u00f3n de los 150 a\u00f1os de Rawson, y quiero decirles que est\u00e1n todos invitados a sumarse a nuestro proyecto, que lleva 3 a\u00f1os de mucho trabajo. Entre todos vamos a hacer una ciudad m\u00e1s limpia\u201d.<\/p>\n<h3>Charlas en los barrios<\/h3>\n<p>Con respecto a los encargados de dar las charlas en los centros comunales, durante el a\u00f1o pasado, los empleados municipales asistieron al programa de capacitaci\u00f3n \u201cEmpezando por casa\u201d, que tiene por finalidad cambiar el comportamiento de los vecinos en cuanto al manejo de la basura y el respeto por el ambiente.<\/p>\n<p>La capacitaci\u00f3n estuvo a cargo de la Secretar\u00eda de Producci\u00f3n y Medio Ambiente, dur\u00f3 tres meses y fue dividida por grupos, de a dos Secretar\u00edas por mes. A principios de febrero pasado, la intendenta Rossana Artero y el responsable del \u00e1rea de ambiente, Jorge Aleua, entregaron los certificados del curso.<\/p>\n<p>La capacitaci\u00f3n se enmarc\u00f3 en una propuesta m\u00e1s amplia y compleja. El objetivo general fue promover a los empleados municipales, en su condici\u00f3n de funcionarios p\u00fablicos, respecto de la aplicaci\u00f3n de m\u00e9todos y herramientas enmarcadas en normas y procedimientos legales. La capacitaci\u00f3n del personal es una de las prioridades de la gesti\u00f3n de Rossana Artero, lo que luego deriva en una mejor atenci\u00f3n a toda la comunidad.<\/p>\n<h3>Concientizar a la poblaci\u00f3n<\/h3>\n<p>La segunda parte del proyecto apunta a que los trabajadores municipales puedan trasladar todos los conocimientos aprendidos en el curso a los vecinos de los distintos barrios de la ciudad.<\/p>\n<p>\u201cEl objetivo de las actividades es la concientizaci\u00f3n ambiental, a partir de este mes empezamos la segunda parte de este proyecto, en donde intentaremos llegar a todos los vecinos de la ciudad\u201d, cont\u00f3 Natalia \u00c1lvarez, del \u00c1rea de Producci\u00f3n y Medio Ambiente, quien agreg\u00f3 que en esa tarea estar\u00e1n trabajando durante todo el a\u00f1o.<\/p>\n<h6>Fuente: El Diario de Madryn<\/h6>\n","protected":false},"excerpt":{"rendered":"<p>En los pr\u00f3ximos d\u00edas, un grupo de empleados municipales que se capacit\u00f3 durante el a\u00f1o pasado en t\u00e9cnicas de concientizaci\u00f3n de cuidado del ambiente visitar\u00e1 los distintos centros barriales de la ciudad de Rawson para dictar charlas a los vecinos. Proyectos ecol\u00f3gicos Durante los \u00faltimos tres a\u00f1os, desde la Municipalidad destacaron que la secretar\u00eda de<\/p>\n","protected":false},"author":2,"featured_media":25765,"comment_status":"closed","ping_status":"closed","sticky":false,"template":"","format":"standard","meta":{"footnotes":""},"categories":[2],"tags":[14],"class_list":["post-25764","post","type-post","status-publish","format-standard","has-post-thumbnail","hentry","category-informe-municipal","tag-chubut"],"_links":{"self":[{"href":"http:\/\/argentinamunicipal.com.ar\/argentina\/wp-json\/wp\/v2\/posts\/25764","targetHints":{"allow":["GET"]}}],"collection":[{"href":"http:\/\/argentinamunicipal.com.ar\/argentina\/wp-json\/wp\/v2\/posts"}],"about":[{"href":"http:\/\/argentinamunicipal.com.ar\/argentina\/wp-json\/wp\/v2\/types\/post"}],"author":[{"embeddable":true,"href":"http:\/\/argentinamunicipal.com.ar\/argentina\/wp-json\/wp\/v2\/users\/2"}],"replies":[{"embeddable":true,"href":"http:\/\/argentinamunicipal.com.ar\/argentina\/wp-json\/wp\/v2\/comments?post=25764"}],"version-history":[{"count":0,"href":"http:\/\/argentinamunicipal.com.ar\/argentina\/wp-json\/wp\/v2\/posts\/25764\/revisions"}],"wp:featuredmedia":[{"embeddable":true,"href":"http:\/\/argentinamunicipal.com.ar\/argentina\/wp-json\/wp\/v2\/media\/25765"}],"wp:attachment":[{"href":"http:\/\/argentinamunicipal.com.ar\/argentina\/wp-json\/wp\/v2\/media?parent=25764"}],"wp:term":[{"taxonomy":"category","embeddable":true,"href":"http:\/\/argentinamunicipal.com.ar\/argentina\/wp-json\/wp\/v2\/categories?post=25764"},{"taxonomy":"post_tag","embeddable":true,"href":"http:\/\/argentinamunicipal.com.ar\/argentina\/wp-json\/wp\/v2\/tags?post=25764"}],"curies":[{"name":"wp","href":"https:\/\/api.w.org\/{rel}","templated":true}]}}