{"id":25787,"date":"2015-03-06T15:53:57","date_gmt":"2015-03-06T18:53:57","guid":{"rendered":"http:\/\/argentinamunicipal.com.ar\/argentina\/?p=25787"},"modified":"2015-03-06T15:53:57","modified_gmt":"2015-03-06T18:53:57","slug":"primera-prueba-del-tren-buenos-aires-rosario","status":"publish","type":"post","link":"http:\/\/argentinamunicipal.com.ar\/argentina\/primera-prueba-del-tren-buenos-aires-rosario\/","title":{"rendered":"Primera prueba del tren Buenos Aires &#8211; Rosario"},"content":{"rendered":"<p><a href=\"http:\/\/argentinamunicipal.com.ar\/argentina\/wp-content\/uploads\/2015\/03\/54f97672629a7_510x339.jpg\"><img loading=\"lazy\" decoding=\"async\" class=\"aligncenter size-full wp-image-25788\" src=\"http:\/\/argentinamunicipal.com.ar\/argentina\/wp-content\/uploads\/2015\/03\/54f97672629a7_510x339.jpg\" alt=\"54f97672629a7_510x339\" width=\"510\" height=\"339\" srcset=\"http:\/\/argentinamunicipal.com.ar\/argentina\/wp-content\/uploads\/2015\/03\/54f97672629a7_510x339.jpg 510w, http:\/\/argentinamunicipal.com.ar\/argentina\/wp-content\/uploads\/2015\/03\/54f97672629a7_510x339-300x199.jpg 300w\" sizes=\"auto, (max-width: 510px) 100vw, 510px\" \/><\/a><\/p>\n<p>El Ministro del Interior y Transporte\u00a0Florencio Randazzo visitar\u00e1 la estaci\u00f3n Apeadero Sur de la ciudad santafestina.<\/p>\n<p>El precandidato a Presidente por el FpV y funcionario Nacional, Florencio\u00a0Randazzo, participar\u00e1 hoy de la primera prueba del tren Buenos Aires-Rosario, y visitar\u00e1 la estaci\u00f3n Apeadero Sur de esa ciudad santafesina, seg\u00fan informaron fuentes oficiales.<\/p>\n<p>Desde la cartera de Transporte, se\u00f1alaron que el Ministro arribar\u00e1 a las 17.30 a Rosario para participar de la prueba del tren que esta ciudad con la estaci\u00f3n porte\u00f1a de Retiro.<\/p>\n<p>A su vez, el secretario de Transporte, Alejandro Ramos, afirm\u00f3 que \u00abel 1\u00b0 de abril empezar\u00e1 a funcionar el servicio ferroviario Rosario\u2013Buenos Aires\u00bb. El funcionario aclar\u00f3 que ser\u00e1 \u00abde manera paulatina porque estamos trabajando con las obras\u00bb.<\/p>\n<p>La inversi\u00f3n del Gobierno nacional en la reactivaci\u00f3n de esa l\u00ednea asciende a 2.512 millones de pesos y supone el reacondicionamiento e instalaci\u00f3n de v\u00edas, pasos a nivel y estaciones a lo largo de casi 300 kil\u00f3metros.<\/p>\n<h6>Fuente: La Noticia1.com<\/h6>\n","protected":false},"excerpt":{"rendered":"<p>El Ministro del Interior y Transporte\u00a0Florencio Randazzo visitar\u00e1 la estaci\u00f3n Apeadero Sur de la ciudad santafestina. El precandidato a Presidente por el FpV y funcionario Nacional, Florencio\u00a0Randazzo, participar\u00e1 hoy de la primera prueba del tren Buenos Aires-Rosario, y visitar\u00e1 la estaci\u00f3n Apeadero Sur de esa ciudad santafesina, seg\u00fan informaron fuentes oficiales. Desde la cartera de<\/p>\n","protected":false},"author":2,"featured_media":25788,"comment_status":"closed","ping_status":"closed","sticky":false,"template":"","format":"standard","meta":{"footnotes":""},"categories":[2],"tags":[10],"class_list":["post-25787","post","type-post","status-publish","format-standard","has-post-thumbnail","hentry","category-informe-municipal","tag-santa-fe"],"_links":{"self":[{"href":"http:\/\/argentinamunicipal.com.ar\/argentina\/wp-json\/wp\/v2\/posts\/25787","targetHints":{"allow":["GET"]}}],"collection":[{"href":"http:\/\/argentinamunicipal.com.ar\/argentina\/wp-json\/wp\/v2\/posts"}],"about":[{"href":"http:\/\/argentinamunicipal.com.ar\/argentina\/wp-json\/wp\/v2\/types\/post"}],"author":[{"embeddable":true,"href":"http:\/\/argentinamunicipal.com.ar\/argentina\/wp-json\/wp\/v2\/users\/2"}],"replies":[{"embeddable":true,"href":"http:\/\/argentinamunicipal.com.ar\/argentina\/wp-json\/wp\/v2\/comments?post=25787"}],"version-history":[{"count":0,"href":"http:\/\/argentinamunicipal.com.ar\/argentina\/wp-json\/wp\/v2\/posts\/25787\/revisions"}],"wp:featuredmedia":[{"embeddable":true,"href":"http:\/\/argentinamunicipal.com.ar\/argentina\/wp-json\/wp\/v2\/media\/25788"}],"wp:attachment":[{"href":"http:\/\/argentinamunicipal.com.ar\/argentina\/wp-json\/wp\/v2\/media?parent=25787"}],"wp:term":[{"taxonomy":"category","embeddable":true,"href":"http:\/\/argentinamunicipal.com.ar\/argentina\/wp-json\/wp\/v2\/categories?post=25787"},{"taxonomy":"post_tag","embeddable":true,"href":"http:\/\/argentinamunicipal.com.ar\/argentina\/wp-json\/wp\/v2\/tags?post=25787"}],"curies":[{"name":"wp","href":"https:\/\/api.w.org\/{rel}","templated":true}]}}