{"id":25808,"date":"2015-03-06T16:15:56","date_gmt":"2015-03-06T19:15:56","guid":{"rendered":"http:\/\/argentinamunicipal.com.ar\/argentina\/?p=25808"},"modified":"2015-03-06T16:15:56","modified_gmt":"2015-03-06T19:15:56","slug":"durante-este-ano-se-sumaran-24-hectareas-al-espacio-publico-de-rosario","status":"publish","type":"post","link":"http:\/\/argentinamunicipal.com.ar\/argentina\/durante-este-ano-se-sumaran-24-hectareas-al-espacio-publico-de-rosario\/","title":{"rendered":"Durante este a\u00f1o se sumar\u00e1n 24 hect\u00e1reas al espacio p\u00fablico de Rosario"},"content":{"rendered":"<p><a href=\"http:\/\/argentinamunicipal.com.ar\/argentina\/wp-content\/uploads\/2015\/03\/boulevard-orono-rosario-20-junio-2005.jpg\"><img loading=\"lazy\" decoding=\"async\" class=\"aligncenter size-full wp-image-25809\" src=\"http:\/\/argentinamunicipal.com.ar\/argentina\/wp-content\/uploads\/2015\/03\/boulevard-orono-rosario-20-junio-2005.jpg\" alt=\"boulevard-orono-rosario-20-junio-2005\" width=\"640\" height=\"480\" srcset=\"http:\/\/argentinamunicipal.com.ar\/argentina\/wp-content\/uploads\/2015\/03\/boulevard-orono-rosario-20-junio-2005.jpg 640w, http:\/\/argentinamunicipal.com.ar\/argentina\/wp-content\/uploads\/2015\/03\/boulevard-orono-rosario-20-junio-2005-300x225.jpg 300w\" sizes=\"auto, (max-width: 640px) 100vw, 640px\" \/><\/a><br \/>\nA\u00f1o legislativo. La intendenta M\u00f3nica Fein anunci\u00f3 adem\u00e1s la creaci\u00f3n del primer parque industrial p\u00fablico y un plan de apuntalamiento a los centros comerciales.<\/p>\n<p>La intendenta M\u00f3nica Fein traz\u00f3 ayer, en su hora y media de discurso ante los concejales, un balance de gesti\u00f3n en donde entrelaz\u00f3 proyectos financiados por la provincia, la Naci\u00f3n, los cr\u00e9ditos externos y algo de aporte presupuestario. En su repaso, reedit\u00f3 algunos anuncios y puso de relieve la incorporaci\u00f3n de m\u00e1s espacio verde para los rosarinos ya que, anunci\u00f3 que \u201ceste a\u00f1o se sumar\u00e1n 24 hect\u00e1reas de espacio p\u00fablico en torno al Acuario, Puerto Ludue\u00f1a y el ex Batall\u00f3n N\u00ba 121.<\/p>\n<p>La jefa comunal dijo adem\u00e1s que se crear\u00e1 el primer parque industrial p\u00fablico para micro y peque\u00f1as empresas, el distrito tecnol\u00f3gico en el ex Batall\u00f3n N\u00ba 121, y el programa de apuntalamiento a los centros comerciales de cielo abierto.<\/p>\n<p>\u201cEn materia de turismo, y a pesar de haber sufrido en los \u00faltimos a\u00f1os una campa\u00f1a sistem\u00e1tica de estigmatizaci\u00f3n a la ciudad, por propios y por extra\u00f1os; quiero decirles con orgullo que Rosario se ha consolidado definitivamente como destino tur\u00edstico\u201d, agreg\u00f3 Fein.<\/p>\n<p>La jefa comunal hizo una \u201cmenci\u00f3n especial\u201d a la recuperaci\u00f3n de la conectividad del aeropuerto Islas Malvinas. Y pese a los \u00edndices preocupantes de desempleo, subray\u00f3 que por cada nuevo desocupado, el Gran Rosario ha creado 4.4 nuevos puestos de trabajo. mientras que el promedio nacional es de 1.6.<\/p>\n<p>En este marco, anunci\u00f3 la inauguraci\u00f3n del Centro de Emprendedores Molino Blanco y la Planta de Vidrio en Puente Gallego. Tambi\u00e9n record\u00f3 que al terminar la gesti\u00f3n, 8 de cada 10 rosarinos tendr\u00e1 acceso al servicio cloacal, y volvi\u00f3 sobre una obra de neto corte provincial: la construcci\u00f3n de la nueva planta potabilizadora.<\/p>\n<p>En material vial, Fein prometi\u00f3 325 millones de pesos para realizar tareas de mantenimiento y puso de relieve la construcci\u00f3n de 70 cuadras en los barrios Uriburu y La Guardia. Lo mismo con la reurbanizaci\u00f3n del Cord\u00f3n Ayacucho (la apertura calle Centeno).<\/p>\n<p>En materia de vivienda, hizo alusi\u00f3n al plan nacional Procrear, al provincial Mi Tierra Mi Casa y a los cr\u00e9ditos del Banco Municipal. \u201cSe han puesto a disposici\u00f3n m\u00e1s de 4 mil lotes\u201d, destac\u00f3.<\/p>\n<p>Al mencionar la palabra transporte hubo una expectativa de los concejales.<\/p>\n<p>Fein les hizo saber que desde octubre est\u00e1 en sus manos el nuevo pliego del sistema para su aprobaci\u00f3n.<\/p>\n<p>\u201cEste a\u00f1o incorporaremos 99 colectivos cero kil\u00f3metros y sumaremos 12 nuevos trolebuses ya licitados y a la espera de su adjudicaci\u00f3n\u201d, anunci\u00f3 para desafiar: \u201cQueremos un mejor sistema de transporte urbano de pasajeros, pero necesitamos discutir su financiamiento con seriedad y sin demagogia\u201d.<\/p>\n<p>Luego lleg\u00f3 el turno de las bicicletas p\u00fablicas, las ciclov\u00edas, el tren a Retiro y la colocaci\u00f3n de contenedores en todas las calles pavimentadas.<\/p>\n<p>Y en materia de salud, Fein destac\u00f3 que recibir\u00e1 800 millones de pesos de la provincia, la disminuci\u00f3n del embarazo adolescente de un 30 al 22 por ciento y la incorporaci\u00f3n de 7 nuevas ambulancias para el Sies.<\/p>\n<p>As\u00ed, la jefa comunal hizo una f\u00e9rrea defensa de la gesti\u00f3n en el marco de un a\u00f1o en el que ir\u00e1 por su reelecci\u00f3n.<\/p>\n<h6>Fuente: La Capital, Rosario<\/h6>\n","protected":false},"excerpt":{"rendered":"<p>A\u00f1o legislativo. La intendenta M\u00f3nica Fein anunci\u00f3 adem\u00e1s la creaci\u00f3n del primer parque industrial p\u00fablico y un plan de apuntalamiento a los centros comerciales. La intendenta M\u00f3nica Fein traz\u00f3 ayer, en su hora y media de discurso ante los concejales, un balance de gesti\u00f3n en donde entrelaz\u00f3 proyectos financiados por la provincia, la Naci\u00f3n, los<\/p>\n","protected":false},"author":2,"featured_media":25809,"comment_status":"closed","ping_status":"closed","sticky":false,"template":"","format":"standard","meta":{"footnotes":""},"categories":[2],"tags":[10],"class_list":["post-25808","post","type-post","status-publish","format-standard","has-post-thumbnail","hentry","category-informe-municipal","tag-santa-fe"],"_links":{"self":[{"href":"http:\/\/argentinamunicipal.com.ar\/argentina\/wp-json\/wp\/v2\/posts\/25808","targetHints":{"allow":["GET"]}}],"collection":[{"href":"http:\/\/argentinamunicipal.com.ar\/argentina\/wp-json\/wp\/v2\/posts"}],"about":[{"href":"http:\/\/argentinamunicipal.com.ar\/argentina\/wp-json\/wp\/v2\/types\/post"}],"author":[{"embeddable":true,"href":"http:\/\/argentinamunicipal.com.ar\/argentina\/wp-json\/wp\/v2\/users\/2"}],"replies":[{"embeddable":true,"href":"http:\/\/argentinamunicipal.com.ar\/argentina\/wp-json\/wp\/v2\/comments?post=25808"}],"version-history":[{"count":0,"href":"http:\/\/argentinamunicipal.com.ar\/argentina\/wp-json\/wp\/v2\/posts\/25808\/revisions"}],"wp:featuredmedia":[{"embeddable":true,"href":"http:\/\/argentinamunicipal.com.ar\/argentina\/wp-json\/wp\/v2\/media\/25809"}],"wp:attachment":[{"href":"http:\/\/argentinamunicipal.com.ar\/argentina\/wp-json\/wp\/v2\/media?parent=25808"}],"wp:term":[{"taxonomy":"category","embeddable":true,"href":"http:\/\/argentinamunicipal.com.ar\/argentina\/wp-json\/wp\/v2\/categories?post=25808"},{"taxonomy":"post_tag","embeddable":true,"href":"http:\/\/argentinamunicipal.com.ar\/argentina\/wp-json\/wp\/v2\/tags?post=25808"}],"curies":[{"name":"wp","href":"https:\/\/api.w.org\/{rel}","templated":true}]}}