{"id":25811,"date":"2015-03-06T16:19:44","date_gmt":"2015-03-06T19:19:44","guid":{"rendered":"http:\/\/argentinamunicipal.com.ar\/argentina\/?p=25811"},"modified":"2015-03-06T16:19:44","modified_gmt":"2015-03-06T19:19:44","slug":"roldan-entregan-viviendas-del-plan-municipal","status":"publish","type":"post","link":"http:\/\/argentinamunicipal.com.ar\/argentina\/roldan-entregan-viviendas-del-plan-municipal\/","title":{"rendered":"Rold\u00e1n: entregan viviendas del plan municipal"},"content":{"rendered":"<p><a href=\"http:\/\/argentinamunicipal.com.ar\/argentina\/wp-content\/uploads\/2015\/03\/111724_otras-localidades.jpg\"><img loading=\"lazy\" decoding=\"async\" class=\"aligncenter size-full wp-image-25812\" src=\"http:\/\/argentinamunicipal.com.ar\/argentina\/wp-content\/uploads\/2015\/03\/111724_otras-localidades.jpg\" alt=\"111724_otras-localidades\" width=\"544\" height=\"293\" srcset=\"http:\/\/argentinamunicipal.com.ar\/argentina\/wp-content\/uploads\/2015\/03\/111724_otras-localidades.jpg 544w, http:\/\/argentinamunicipal.com.ar\/argentina\/wp-content\/uploads\/2015\/03\/111724_otras-localidades-300x162.jpg 300w\" sizes=\"auto, (max-width: 544px) 100vw, 544px\" \/><\/a><\/p>\n<p>La Municipalidad de Rold\u00e1n informa que el pr\u00f3ximo s\u00e1bado 7, a las 10 horas, se llevar\u00e1 a cabo el acto de entrega de las primeras viviendas del Plan Municipal \u00abUn Techo Digno para Mi Ciudad\u00bb, en un acto que ser\u00e1 encabezado por el intendente Jos\u00e9 Pedretti en el predio de Sanchez de Thompson y Velez Sarsfield, en el barrio de Villa Flores.<\/p>\n<p>Este es el primer paso de un programa de construcci\u00f3n de viviendas por parte del municipio que cuenta con el apoyo financiero del Gobierno de la Naci\u00f3n y que fue adjudicado a familias de la ciudad mediante un proceso de sorteo absolutamente transparente.<\/p>\n<p>Participar\u00e1n de la ceremonia autoridades nacionales, el gabinete municipal y concejales de la ciudad.<\/p>\n<h6>Fuente: Sin Mordaza<\/h6>\n","protected":false},"excerpt":{"rendered":"<p>La Municipalidad de Rold\u00e1n informa que el pr\u00f3ximo s\u00e1bado 7, a las 10 horas, se llevar\u00e1 a cabo el acto de entrega de las primeras viviendas del Plan Municipal \u00abUn Techo Digno para Mi Ciudad\u00bb, en un acto que ser\u00e1 encabezado por el intendente Jos\u00e9 Pedretti en el predio de Sanchez de Thompson y Velez<\/p>\n","protected":false},"author":2,"featured_media":25812,"comment_status":"closed","ping_status":"closed","sticky":false,"template":"","format":"standard","meta":{"footnotes":""},"categories":[2],"tags":[10],"class_list":["post-25811","post","type-post","status-publish","format-standard","has-post-thumbnail","hentry","category-informe-municipal","tag-santa-fe"],"_links":{"self":[{"href":"http:\/\/argentinamunicipal.com.ar\/argentina\/wp-json\/wp\/v2\/posts\/25811","targetHints":{"allow":["GET"]}}],"collection":[{"href":"http:\/\/argentinamunicipal.com.ar\/argentina\/wp-json\/wp\/v2\/posts"}],"about":[{"href":"http:\/\/argentinamunicipal.com.ar\/argentina\/wp-json\/wp\/v2\/types\/post"}],"author":[{"embeddable":true,"href":"http:\/\/argentinamunicipal.com.ar\/argentina\/wp-json\/wp\/v2\/users\/2"}],"replies":[{"embeddable":true,"href":"http:\/\/argentinamunicipal.com.ar\/argentina\/wp-json\/wp\/v2\/comments?post=25811"}],"version-history":[{"count":0,"href":"http:\/\/argentinamunicipal.com.ar\/argentina\/wp-json\/wp\/v2\/posts\/25811\/revisions"}],"wp:featuredmedia":[{"embeddable":true,"href":"http:\/\/argentinamunicipal.com.ar\/argentina\/wp-json\/wp\/v2\/media\/25812"}],"wp:attachment":[{"href":"http:\/\/argentinamunicipal.com.ar\/argentina\/wp-json\/wp\/v2\/media?parent=25811"}],"wp:term":[{"taxonomy":"category","embeddable":true,"href":"http:\/\/argentinamunicipal.com.ar\/argentina\/wp-json\/wp\/v2\/categories?post=25811"},{"taxonomy":"post_tag","embeddable":true,"href":"http:\/\/argentinamunicipal.com.ar\/argentina\/wp-json\/wp\/v2\/tags?post=25811"}],"curies":[{"name":"wp","href":"https:\/\/api.w.org\/{rel}","templated":true}]}}