{"id":25821,"date":"2015-03-06T16:27:02","date_gmt":"2015-03-06T19:27:02","guid":{"rendered":"http:\/\/argentinamunicipal.com.ar\/argentina\/?p=25821"},"modified":"2015-03-06T16:27:02","modified_gmt":"2015-03-06T19:27:02","slug":"la-planta-de-tratamiento-de-chajari-formara-parte-del-congreso-internacional-de-gestion-de-residuos","status":"publish","type":"post","link":"http:\/\/argentinamunicipal.com.ar\/argentina\/la-planta-de-tratamiento-de-chajari-formara-parte-del-congreso-internacional-de-gestion-de-residuos\/","title":{"rendered":"La Planta de Tratamiento de Chajar\u00ed formar\u00e1 parte del Congreso Internacional de Gesti\u00f3n de Residuos"},"content":{"rendered":"<p><a href=\"http:\/\/argentinamunicipal.com.ar\/argentina\/wp-content\/uploads\/2015\/03\/ptrsu-chajari.jpg\"><img loading=\"lazy\" decoding=\"async\" class=\"alignleft size-full wp-image-25822\" src=\"http:\/\/argentinamunicipal.com.ar\/argentina\/wp-content\/uploads\/2015\/03\/ptrsu-chajari.jpg\" alt=\"ptrsu-chajari\" width=\"450\" height=\"312\" srcset=\"http:\/\/argentinamunicipal.com.ar\/argentina\/wp-content\/uploads\/2015\/03\/ptrsu-chajari.jpg 450w, http:\/\/argentinamunicipal.com.ar\/argentina\/wp-content\/uploads\/2015\/03\/ptrsu-chajari-300x208.jpg 300w\" sizes=\"auto, (max-width: 450px) 100vw, 450px\" \/><\/a>La Planta de Tratamiento de Residuos Urbanos de Chajar\u00ed (PTRSU) oficiar\u00e1 como sede para visitas de referencia de los participantes del 2\u00b0 Congreso Internacional de Gesti\u00f3n de Residuos 2015 a llevarse a cabo en la localidad Concordia.<\/p>\n<p>La Planta de Tratamiento de Residuos Urbanos de Chajar\u00ed (PTRSU) oficiar\u00e1 como sede para visitas de referencia de los participantes del 2\u00b0 Congreso Internacional de Gesti\u00f3n de Residuos 2015 a llevarse a cabo en la localidad Concordia en el mes de julio.<\/p>\n<p>En este sentido, el director de Servicios P\u00fablicos de Chajar\u00ed, Lic. Mart\u00edn Robalo particip\u00f3 el mi\u00e9rcoles de una reuni\u00f3n presidida por el secretario de Ambiente de la Provincia, Ing. Fernando Raffo para coordinar las actividades a llevarse a cabo en dicho congreso. El encuentro cont\u00f3 con la presencia de funcionarios de municipios de la costa del Uruguay, junto a personal del INTI que van a trabajar en la parte de asesoramiento en el congreso.<br \/>\nEn esta ocasi\u00f3n se definieron en primer lugar los siguientes ejes del Congreso: experiencias municipales, educaci\u00f3n ambiental y tecnolog\u00edas para el manejo de residuos.<br \/>\nTambi\u00e9n se definieron las exposiciones, talleres y visitas que se realizar\u00e1n al municipio de Gualeguaych\u00fa, como as\u00ed tambi\u00e9n al municipio de Chajar\u00ed, puntualmente a la planta de tratamiento de residuos s\u00f3lidos urbanos.<\/p>\n<p>El 2\u00b0 Congreso Internacional de Gesti\u00f3n de Residuos 2015 se desarrollar\u00e1 en el centro de convenciones de Concordia los d\u00edas 1, 2 y 3 de julio. Esto representa una excelente oportunidad para que Entre R\u00edos muestre al mundo sus adelantos en gesti\u00f3n ambiental.<\/p>\n<h6>Fuente: El Once<\/h6>\n","protected":false},"excerpt":{"rendered":"<p>La Planta de Tratamiento de Residuos Urbanos de Chajar\u00ed (PTRSU) oficiar\u00e1 como sede para visitas de referencia de los participantes del 2\u00b0 Congreso Internacional de Gesti\u00f3n de Residuos 2015 a llevarse a cabo en la localidad Concordia. La Planta de Tratamiento de Residuos Urbanos de Chajar\u00ed (PTRSU) oficiar\u00e1 como sede para visitas de referencia de<\/p>\n","protected":false},"author":2,"featured_media":25822,"comment_status":"closed","ping_status":"closed","sticky":false,"template":"","format":"standard","meta":{"footnotes":""},"categories":[2],"tags":[17],"class_list":["post-25821","post","type-post","status-publish","format-standard","has-post-thumbnail","hentry","category-informe-municipal","tag-entre-rios"],"_links":{"self":[{"href":"http:\/\/argentinamunicipal.com.ar\/argentina\/wp-json\/wp\/v2\/posts\/25821","targetHints":{"allow":["GET"]}}],"collection":[{"href":"http:\/\/argentinamunicipal.com.ar\/argentina\/wp-json\/wp\/v2\/posts"}],"about":[{"href":"http:\/\/argentinamunicipal.com.ar\/argentina\/wp-json\/wp\/v2\/types\/post"}],"author":[{"embeddable":true,"href":"http:\/\/argentinamunicipal.com.ar\/argentina\/wp-json\/wp\/v2\/users\/2"}],"replies":[{"embeddable":true,"href":"http:\/\/argentinamunicipal.com.ar\/argentina\/wp-json\/wp\/v2\/comments?post=25821"}],"version-history":[{"count":0,"href":"http:\/\/argentinamunicipal.com.ar\/argentina\/wp-json\/wp\/v2\/posts\/25821\/revisions"}],"wp:featuredmedia":[{"embeddable":true,"href":"http:\/\/argentinamunicipal.com.ar\/argentina\/wp-json\/wp\/v2\/media\/25822"}],"wp:attachment":[{"href":"http:\/\/argentinamunicipal.com.ar\/argentina\/wp-json\/wp\/v2\/media?parent=25821"}],"wp:term":[{"taxonomy":"category","embeddable":true,"href":"http:\/\/argentinamunicipal.com.ar\/argentina\/wp-json\/wp\/v2\/categories?post=25821"},{"taxonomy":"post_tag","embeddable":true,"href":"http:\/\/argentinamunicipal.com.ar\/argentina\/wp-json\/wp\/v2\/tags?post=25821"}],"curies":[{"name":"wp","href":"https:\/\/api.w.org\/{rel}","templated":true}]}}