{"id":25839,"date":"2015-03-06T16:46:27","date_gmt":"2015-03-06T19:46:27","guid":{"rendered":"http:\/\/argentinamunicipal.com.ar\/argentina\/?p=25839"},"modified":"2015-04-24T10:26:37","modified_gmt":"2015-04-24T13:26:37","slug":"trelew-busca-ampliar-su-ejido-y-tener-salida-al-mar","status":"publish","type":"post","link":"http:\/\/argentinamunicipal.com.ar\/argentina\/trelew-busca-ampliar-su-ejido-y-tener-salida-al-mar\/","title":{"rendered":"Trelew busca ampliar su ejido y tener salida al mar"},"content":{"rendered":"<p><a href=\"http:\/\/argentinamunicipal.com.ar\/argentina\/wp-content\/uploads\/2015\/03\/mapa_punta_tombo.gif\"><img loading=\"lazy\" decoding=\"async\" class=\"aligncenter size-full wp-image-25840\" src=\"http:\/\/argentinamunicipal.com.ar\/argentina\/wp-content\/uploads\/2015\/03\/mapa_punta_tombo.gif\" alt=\"mapa_punta_tombo\" width=\"650\" height=\"359\" \/><\/a><br \/>\nEl intendente M\u00e1ximo P\u00e9rez Cat\u00e1n revel\u00f3 ayer la necesidad que Trelew tiene como ciudad de ampliar su actual ejido municipal \u201cporque ha llegado pr\u00e1cticamente al l\u00edmite\u201d afirm\u00f3, y en ese sentido dijo que \u201csuponer el crecimiento de la ciudad para los pr\u00f3ximos 50 a\u00f1os requiere que nosotros presentemos en la Legislatura del Chubut el plan de proyecto de ampliaci\u00f3n del ejido para darle a la ciudad posibilidades de expansi\u00f3n en los pr\u00f3ximos 50 a\u00f1os\u201d.<br \/>\nP\u00e9rez Cat\u00e1n razon\u00f3 que por su ubicaci\u00f3n geogr\u00e1fica \u201cTrelew es colindante con Rawson, lo que quiere decir que nosotros hacia el sudeste ya tenemos l\u00edmite con la capital provincial por lo tanto para esa zona ya no podemos crecer. Tampoco podemos crecer para el oeste \u2013grafic\u00f3- porque somos colindantes con Gaiman, o sea tenemos ejido l\u00edmite con Gaiman, entonces no podemos crecer hacia el oeste ni hacia el sur, por lo tanto s\u00f3lo nos queda crecer hacia el norte y hacia el este\u201d, dijo.<\/p>\n<h3>Posibilidades<\/h3>\n<p>Tras se\u00f1alar que el proyecto de esta ampliaci\u00f3n \u201cno lo hemos planteado como una salida al mar\u201d, el intendente aclar\u00f3 que la posibilidad de incluir una zona provincial como Bajo de los Huesos, \u201cva a depender fundamentalmente de la opini\u00f3n de los diputados\u201d e insisti\u00f3 en ese marco que \u201cnosotros en realidad s\u00f3lo podemos crecer hacia la ex Torre Omega y hacia el este a la zona de Bajo de los Huesos. Son los \u00fanicos lugares hacia los cuales la ciudad de Trelew puede crecer y ese es el proyecto que vamos a discutir con los diputados. \u201cEsperemos \u2013expres\u00f3- que ellos lo puedan ver estrat\u00e9gicamente como lo estamos viendo nosotros y que puedan visualizar que el ejido de Trelew, que tiene tal vez 30 \u00f3 40 a\u00f1os de vigencia ya lleg\u00f3 al borde, entonces nos est\u00e1 haciendo falta pensar en los pr\u00f3ximos 50 a\u00f1os de la ciudad\u201d remarc\u00f3. \u00b4<\/p>\n<p>Al finalizar y en el marco de una rueda de prensa tras una visita a la zona comprendida en los barrios Menfa y Malvinas Argentinas, dijo que \u201cla ley de ejidos deber\u00eda darnos la oportunidad de que Trelew pueda en esos a\u00f1os seguir avanzando y creciendo, sin meterse en otros ejidos municipales\u201d.<\/p>\n<h3>Pataleo previo<\/h3>\n<p>Cabe recordar que en al menos dos oportunidades camiones de la municipalidad, de los identificados como \u201cTrelew Funciona\u201d participaron de la limpieza de una concurrida playa denominada \u201cBajo de los Huesos\u201d cercana a Rawson, a la cual concurren muchos vecinos del valle a pescar.<\/p>\n<p>En aquella oportunidad, luego de la primera limpieza all\u00e1 por el mes de octubre, concejales de Rawson pusieron el grito en el cielo porque aseguraban que Trelew estaba \u201cinvadiendo el ejido de Rawson\u201d.<\/p>\n<p>Entre otras cosas, tuvieron los ediles un duro pronunciamiento que form\u00f3 parte de una sesi\u00f3n del Concejo Deliberante en la que entre otras cuestiones mencionaron que Trelew buscaba \u201ctener un acceso al mar por la zona del Bajo de los Huesos\u201d y manifestaron su intenci\u00f3n de poner un freno a esa intromisi\u00f3n.<\/p>\n<p>En un documento que fue difundido desde el propio Concejo Deliberante el edil que plante\u00f3 este tema, Ra\u00fal Molinari, expresaba que \u201cesto es muy serio ya que Trelew tambi\u00e9n avanz\u00f3 en su momento con un plan de estrategia tur\u00edstica con Punta Tombo, donde se opuso a la construcci\u00f3n del acceso pavimentado por la ruta 1 que une la reserva como fue hist\u00f3ricamente desde Rawson\u201d, dejando a la ciudad capital fuera del recurso que conforma la reserva de ping\u00fcinos.<\/p>\n<p>Revel\u00f3 tambi\u00e9n el edil que luego que la ciudad de Rawson presentara un pedido a la Legislatura, en agosto del a\u00f1o pasado, para ampliar el ejido de la ciudad capital hacia el mismo sector, la ciudad de Trelew manifest\u00f3 su intenci\u00f3n de acceder a la misma playa. Y critic\u00f3 la actitud recordando que adem\u00e1s con la traza asfaltada de la ruta 3 se dej\u00f3 sin efecto la ruta 1 que a\u00fan hoy no est\u00e1 asfaltada con el perjuicio que eso le ocasiona a la ciudad.<\/p>\n<p>Finalmente aseguraba que si Trelew llega hasta Bajo de los Huesos, tranquilamente pueden llegar a la playa \u201clos l\u00edquidos cloacales de esa ciudad\u201d, dijo el edil que propuso que cualquier cambio debe hacerse \u201cen favor de los municipios costeros respetando las decisiones pol\u00edticas de esos pueblos\u201d.<\/p>\n<h6>Fuente: El Diario de Madryn<\/h6>\n","protected":false},"excerpt":{"rendered":"<p>El intendente M\u00e1ximo P\u00e9rez Cat\u00e1n revel\u00f3 ayer la necesidad que Trelew tiene como ciudad de ampliar su actual ejido municipal \u201cporque ha llegado pr\u00e1cticamente al l\u00edmite\u201d afirm\u00f3, y en ese sentido dijo que \u201csuponer el crecimiento de la ciudad para los pr\u00f3ximos 50 a\u00f1os requiere que nosotros presentemos en la Legislatura del Chubut el plan<\/p>\n","protected":false},"author":2,"featured_media":25840,"comment_status":"closed","ping_status":"closed","sticky":false,"template":"","format":"standard","meta":{"footnotes":""},"categories":[2],"tags":[14],"class_list":["post-25839","post","type-post","status-publish","format-standard","has-post-thumbnail","hentry","category-informe-municipal","tag-chubut"],"_links":{"self":[{"href":"http:\/\/argentinamunicipal.com.ar\/argentina\/wp-json\/wp\/v2\/posts\/25839","targetHints":{"allow":["GET"]}}],"collection":[{"href":"http:\/\/argentinamunicipal.com.ar\/argentina\/wp-json\/wp\/v2\/posts"}],"about":[{"href":"http:\/\/argentinamunicipal.com.ar\/argentina\/wp-json\/wp\/v2\/types\/post"}],"author":[{"embeddable":true,"href":"http:\/\/argentinamunicipal.com.ar\/argentina\/wp-json\/wp\/v2\/users\/2"}],"replies":[{"embeddable":true,"href":"http:\/\/argentinamunicipal.com.ar\/argentina\/wp-json\/wp\/v2\/comments?post=25839"}],"version-history":[{"count":0,"href":"http:\/\/argentinamunicipal.com.ar\/argentina\/wp-json\/wp\/v2\/posts\/25839\/revisions"}],"wp:featuredmedia":[{"embeddable":true,"href":"http:\/\/argentinamunicipal.com.ar\/argentina\/wp-json\/wp\/v2\/media\/25840"}],"wp:attachment":[{"href":"http:\/\/argentinamunicipal.com.ar\/argentina\/wp-json\/wp\/v2\/media?parent=25839"}],"wp:term":[{"taxonomy":"category","embeddable":true,"href":"http:\/\/argentinamunicipal.com.ar\/argentina\/wp-json\/wp\/v2\/categories?post=25839"},{"taxonomy":"post_tag","embeddable":true,"href":"http:\/\/argentinamunicipal.com.ar\/argentina\/wp-json\/wp\/v2\/tags?post=25839"}],"curies":[{"name":"wp","href":"https:\/\/api.w.org\/{rel}","templated":true}]}}