{"id":25845,"date":"2015-03-06T16:52:18","date_gmt":"2015-03-06T19:52:18","guid":{"rendered":"http:\/\/argentinamunicipal.com.ar\/argentina\/?p=25845"},"modified":"2015-03-06T16:52:18","modified_gmt":"2015-03-06T19:52:18","slug":"los-seis-municipios-del-departamento-de-concordia-firmaron-un-convenio-para-trabajar-juntos-el-tratamiento-de-residuos-domiciliarios","status":"publish","type":"post","link":"http:\/\/argentinamunicipal.com.ar\/argentina\/los-seis-municipios-del-departamento-de-concordia-firmaron-un-convenio-para-trabajar-juntos-el-tratamiento-de-residuos-domiciliarios\/","title":{"rendered":"Los seis municipios del departamento de Concordia firmaron un convenio para trabajar juntos el tratamiento de residuos domiciliarios"},"content":{"rendered":"<p><a href=\"http:\/\/argentinamunicipal.com.ar\/argentina\/wp-content\/uploads\/2015\/03\/gestion_de_residuos.jpg\"><img loading=\"lazy\" decoding=\"async\" class=\"aligncenter size-full wp-image-25846\" src=\"http:\/\/argentinamunicipal.com.ar\/argentina\/wp-content\/uploads\/2015\/03\/gestion_de_residuos.jpg\" alt=\"gestion_de_residuos\" width=\"640\" height=\"480\" srcset=\"http:\/\/argentinamunicipal.com.ar\/argentina\/wp-content\/uploads\/2015\/03\/gestion_de_residuos.jpg 640w, http:\/\/argentinamunicipal.com.ar\/argentina\/wp-content\/uploads\/2015\/03\/gestion_de_residuos-300x225.jpg 300w\" sizes=\"auto, (max-width: 640px) 100vw, 640px\" \/><\/a><\/p>\n<p>Este mi\u00e9rcoles por la tarde los seis intendentes m\u00e1s tres Juntas de Gobierno de la zona se dieron cita en Puerto Yeru\u00e1 para rubricar un convenio que promover\u00e1 rellenos sanitarios en el Campo del Abasto, y que alcanzar\u00e1 a toda la regi\u00f3n<\/p>\n<p>Reunidos en Puerto Yeru\u00e1, los seis jefes comunales de los municipios que integran el Departamento Concordia, m\u00e1s los representantes de tres Juntas de Gobierno de la zona, rubricaron un convenio que tiene por objetivo implementar sistemas integrales de gesti\u00f3n de residuos s\u00f3lidos urbanos.<\/p>\n<p>La iniciativa surgi\u00f3 a ra\u00edz de la falta de espacios espec\u00edficos en las localidades y la necesidad de regionalizar la experiencia. Por eso, la ciudad de Concordia pone a disposici\u00f3n el predio del campo El Abasto, de 237 hect\u00e1reas, para la construcci\u00f3n de rellenos sanitarios que tendr\u00e1n disponibilidad para todas las localidades firmantes. Adem\u00e1s, el acuerdo contempla acciones para fomentar la iniciativa de separaci\u00f3n en origen.<\/p>\n<p>En rigor, el convenio marco fue rubricado entre la Secretar\u00eda de Ambiente y Desarrollo Sustentable de la provincia de Entre R\u00edos y los municipios y juntas de gobierno del Departamento, y se trata de disponer de cuatro m\u00f3dulos de rellenos sanitarios con proyecci\u00f3n a 20 a\u00f1os.<\/p>\n<p>El encuentro fue encabezado por el secretario de Ambiente de Entre R\u00edos, Fernando Raffo, y participaron los intendentes de Concordia, Gustavo Bordet; de Puerto Yeru\u00e1, Fabi\u00e1n Cevey; de Colonia Ayu\u00ed, Domingo Galeano;\u00a0 de La Criolla, Luis Pasarello; de Los Charr\u00faas, Rub\u00e9n Chaparro; y de Estancia Grande, Daniel Llados. Por las Juntas de Gobierno, estuvieron deNueva Escocia, Jorge Irigoyen;\u00a0 de Estaci\u00f3n Yuquer\u00ed, Daniel Violaz; y de Colonia Roca, Julio Cremer. Tambi\u00e9n acompa\u00f1aron el acto el senador Enrique Cresto y el diputado Luis Jakimchuk, junto a la secretaria de Medio Ambiente de Concordia, Bel\u00e9n Esteves.<\/p>\n<p>Raffo explic\u00f3 que el financiamiento del proyecto articula esfuerzos de los gobiernos nacional, provincial, municipal, y el BID. \u201cPara los oncordienses consiste en saldar una deuda ambiental definitiva\u201d, asegur\u00f3.<\/p>\n<p>Para Bordet, este convenio es el corolario \u201cde a\u00f1os de gesti\u00f3n para dejar en marcha una pol\u00edtica p\u00fablica ambiental para quienes nos sucedan. Es desarrollar planificaci\u00f3n estrat\u00e9gica al futuro de manera integral\u201d.<\/p>\n<p>\u201cCon la concientizaci\u00f3n venimos trabajando hace a\u00f1os, con la pol\u00edtica educacional en los m\u00e1s chicos y tambi\u00e9n en todas las franjeas etarias. Implementamos este a\u00f1o los motocarros para dar un marco formal a lo que era la recolecci\u00f3n informal de residuos e instalamos contenedores\u00a0 en la ciudad. Todo esto fue planificado en conjunto y en sinton\u00eda con la pol\u00edtica ambiental que queremos dejar establecida para la ciudad\u201d, dijo.<\/p>\n<p>Para el senador Cresto, lo destacable del convenio es \u201cla regionalizaci\u00f3n con la que se viene trabajando,\u00a0 en coordinaci\u00f3n con los municipios y juntas de gobierno para solucionar cuestiones ambientales mediante la sustentabilidad, compartiendo experiencias\u201d.<\/p>\n<p>\u2022 Concordia sede del Congreso Internacional de GIRSU<\/p>\n<p>Luego de la firma del convenio, Pablo Suarez, de la Direcci\u00f3n de\u00a0 Articulaci\u00f3n Institucional de la\u00a0 Secretar\u00eda de Ambiente de la Naci\u00f3n, y Paula Kes, responsable de GIRSU de esa cartera, presentaron el II Congreso Internacional y V Congreso Nacional que se realizar\u00e1 en Concordia, en el Centro de Convenciones, en julio pr\u00f3ximo.<\/p>\n<p>La edici\u00f3n anterior del encuentro se realiz\u00f3 en agosto pasado en San Juan.<\/p>\n<h6>Fuente: APF Digital<\/h6>\n","protected":false},"excerpt":{"rendered":"<p>Este mi\u00e9rcoles por la tarde los seis intendentes m\u00e1s tres Juntas de Gobierno de la zona se dieron cita en Puerto Yeru\u00e1 para rubricar un convenio que promover\u00e1 rellenos sanitarios en el Campo del Abasto, y que alcanzar\u00e1 a toda la regi\u00f3n Reunidos en Puerto Yeru\u00e1, los seis jefes comunales de los municipios que integran<\/p>\n","protected":false},"author":2,"featured_media":25846,"comment_status":"closed","ping_status":"closed","sticky":false,"template":"","format":"standard","meta":{"footnotes":""},"categories":[2],"tags":[17],"class_list":["post-25845","post","type-post","status-publish","format-standard","has-post-thumbnail","hentry","category-informe-municipal","tag-entre-rios"],"_links":{"self":[{"href":"http:\/\/argentinamunicipal.com.ar\/argentina\/wp-json\/wp\/v2\/posts\/25845","targetHints":{"allow":["GET"]}}],"collection":[{"href":"http:\/\/argentinamunicipal.com.ar\/argentina\/wp-json\/wp\/v2\/posts"}],"about":[{"href":"http:\/\/argentinamunicipal.com.ar\/argentina\/wp-json\/wp\/v2\/types\/post"}],"author":[{"embeddable":true,"href":"http:\/\/argentinamunicipal.com.ar\/argentina\/wp-json\/wp\/v2\/users\/2"}],"replies":[{"embeddable":true,"href":"http:\/\/argentinamunicipal.com.ar\/argentina\/wp-json\/wp\/v2\/comments?post=25845"}],"version-history":[{"count":0,"href":"http:\/\/argentinamunicipal.com.ar\/argentina\/wp-json\/wp\/v2\/posts\/25845\/revisions"}],"wp:featuredmedia":[{"embeddable":true,"href":"http:\/\/argentinamunicipal.com.ar\/argentina\/wp-json\/wp\/v2\/media\/25846"}],"wp:attachment":[{"href":"http:\/\/argentinamunicipal.com.ar\/argentina\/wp-json\/wp\/v2\/media?parent=25845"}],"wp:term":[{"taxonomy":"category","embeddable":true,"href":"http:\/\/argentinamunicipal.com.ar\/argentina\/wp-json\/wp\/v2\/categories?post=25845"},{"taxonomy":"post_tag","embeddable":true,"href":"http:\/\/argentinamunicipal.com.ar\/argentina\/wp-json\/wp\/v2\/tags?post=25845"}],"curies":[{"name":"wp","href":"https:\/\/api.w.org\/{rel}","templated":true}]}}