{"id":25848,"date":"2015-03-06T16:54:32","date_gmt":"2015-03-06T19:54:32","guid":{"rendered":"http:\/\/argentinamunicipal.com.ar\/argentina\/?p=25848"},"modified":"2015-03-06T16:54:32","modified_gmt":"2015-03-06T19:54:32","slug":"firmaron-acuerdo-para-alfabetizar-a-mil-trabajadores-rurales-en-misiones","status":"publish","type":"post","link":"http:\/\/argentinamunicipal.com.ar\/argentina\/firmaron-acuerdo-para-alfabetizar-a-mil-trabajadores-rurales-en-misiones\/","title":{"rendered":"Firmaron acuerdo para alfabetizar a mil trabajadores rurales en Misiones"},"content":{"rendered":"<div id=\"attachment_25849\" style=\"width: 604px\" class=\"wp-caption aligncenter\"><a href=\"http:\/\/argentinamunicipal.com.ar\/argentina\/wp-content\/uploads\/2015\/03\/verimg.jpg\"><img loading=\"lazy\" decoding=\"async\" aria-describedby=\"caption-attachment-25849\" class=\"size-full wp-image-25849\" src=\"http:\/\/argentinamunicipal.com.ar\/argentina\/wp-content\/uploads\/2015\/03\/verimg.jpg\" alt=\"Trabajadores rurales. | Docentes alfabetizar\u00e1n a los empleados misioneros.\" width=\"594\" height=\"386\" srcset=\"http:\/\/argentinamunicipal.com.ar\/argentina\/wp-content\/uploads\/2015\/03\/verimg.jpg 594w, http:\/\/argentinamunicipal.com.ar\/argentina\/wp-content\/uploads\/2015\/03\/verimg-300x195.jpg 300w\" sizes=\"auto, (max-width: 594px) 100vw, 594px\" \/><\/a><p id=\"caption-attachment-25849\" class=\"wp-caption-text\">Trabajadores rurales. | Docentes alfabetizar\u00e1n a los empleados misioneros.<\/p><\/div>\n<p>Docentes de la Udpm trabajar\u00e1n con personal del Renatea en la ejecuci\u00f3n de un plan para alfabetizar a trabajadores del sector rural<\/p>\n<p>Maestros de la Uni\u00f3n de Docentes de la Provincia de Misiones (Udpm) trabajar\u00e1n en conjunto con personal del Registro Nacional de Trabajadores y Empleados Agrarios (Renatea) en la ejecuci\u00f3n de un plan para alfabetizar a trabajadores del sector rural en Misiones.<\/p>\n<p>El programa comenz\u00f3 a fines de 2013 y hasta ahora hay 200 graduados, este a\u00f1o se espera superar la barrera de los mil, gracias a la incorporaci\u00f3n de m\u00e1s docentes al proyecto, quienes no cobrar\u00e1n por la tarea pero recibir\u00e1n puntaje de valoraci\u00f3n.<\/p>\n<h6>Fuente: Territorio Digital<\/h6>\n","protected":false},"excerpt":{"rendered":"<p>Docentes de la Udpm trabajar\u00e1n con personal del Renatea en la ejecuci\u00f3n de un plan para alfabetizar a trabajadores del sector rural Maestros de la Uni\u00f3n de Docentes de la Provincia de Misiones (Udpm) trabajar\u00e1n en conjunto con personal del Registro Nacional de Trabajadores y Empleados Agrarios (Renatea) en la ejecuci\u00f3n de un plan para<\/p>\n","protected":false},"author":2,"featured_media":25849,"comment_status":"closed","ping_status":"closed","sticky":false,"template":"","format":"standard","meta":{"footnotes":""},"categories":[2],"tags":[27],"class_list":["post-25848","post","type-post","status-publish","format-standard","has-post-thumbnail","hentry","category-informe-municipal","tag-misiones"],"_links":{"self":[{"href":"http:\/\/argentinamunicipal.com.ar\/argentina\/wp-json\/wp\/v2\/posts\/25848","targetHints":{"allow":["GET"]}}],"collection":[{"href":"http:\/\/argentinamunicipal.com.ar\/argentina\/wp-json\/wp\/v2\/posts"}],"about":[{"href":"http:\/\/argentinamunicipal.com.ar\/argentina\/wp-json\/wp\/v2\/types\/post"}],"author":[{"embeddable":true,"href":"http:\/\/argentinamunicipal.com.ar\/argentina\/wp-json\/wp\/v2\/users\/2"}],"replies":[{"embeddable":true,"href":"http:\/\/argentinamunicipal.com.ar\/argentina\/wp-json\/wp\/v2\/comments?post=25848"}],"version-history":[{"count":0,"href":"http:\/\/argentinamunicipal.com.ar\/argentina\/wp-json\/wp\/v2\/posts\/25848\/revisions"}],"wp:featuredmedia":[{"embeddable":true,"href":"http:\/\/argentinamunicipal.com.ar\/argentina\/wp-json\/wp\/v2\/media\/25849"}],"wp:attachment":[{"href":"http:\/\/argentinamunicipal.com.ar\/argentina\/wp-json\/wp\/v2\/media?parent=25848"}],"wp:term":[{"taxonomy":"category","embeddable":true,"href":"http:\/\/argentinamunicipal.com.ar\/argentina\/wp-json\/wp\/v2\/categories?post=25848"},{"taxonomy":"post_tag","embeddable":true,"href":"http:\/\/argentinamunicipal.com.ar\/argentina\/wp-json\/wp\/v2\/tags?post=25848"}],"curies":[{"name":"wp","href":"https:\/\/api.w.org\/{rel}","templated":true}]}}