{"id":25857,"date":"2015-03-06T17:04:51","date_gmt":"2015-03-06T20:04:51","guid":{"rendered":"http:\/\/argentinamunicipal.com.ar\/argentina\/?p=25857"},"modified":"2015-03-06T17:04:51","modified_gmt":"2015-03-06T20:04:51","slug":"intendentes-de-salta-destacan-politicas-de-la-gestion-municipal-como-generadoras-de-crecimiento-social","status":"publish","type":"post","link":"http:\/\/argentinamunicipal.com.ar\/argentina\/intendentes-de-salta-destacan-politicas-de-la-gestion-municipal-como-generadoras-de-crecimiento-social\/","title":{"rendered":"Intendentes de Salta destacan pol\u00edticas de la gesti\u00f3n municipal como generadoras de crecimiento social"},"content":{"rendered":"<p><a href=\"http:\/\/argentinamunicipal.com.ar\/argentina\/wp-content\/uploads\/2015\/03\/Nancy-Montero-con-intendentes..jpg\"><img loading=\"lazy\" decoding=\"async\" class=\"aligncenter  wp-image-25858\" src=\"http:\/\/argentinamunicipal.com.ar\/argentina\/wp-content\/uploads\/2015\/03\/Nancy-Montero-con-intendentes..jpg\" alt=\"Nancy-Montero-con-intendentes.\" width=\"671\" height=\"447\" srcset=\"http:\/\/argentinamunicipal.com.ar\/argentina\/wp-content\/uploads\/2015\/03\/Nancy-Montero-con-intendentes..jpg 1004w, http:\/\/argentinamunicipal.com.ar\/argentina\/wp-content\/uploads\/2015\/03\/Nancy-Montero-con-intendentes.-300x200.jpg 300w\" sizes=\"auto, (max-width: 671px) 100vw, 671px\" \/><\/a><br \/>\nAs\u00ed lo manifestaron los jefes comunales de Angastaco, Seclant\u00e1s y Molinos, en una reuni\u00f3n mantenida esta tarde en el Centro C\u00edvico Municipal con funcionarios municipales, entre ellos el jefe de Gabinete Jos\u00e9 Luis Gambetta y la secretar\u00eda de Acci\u00f3n Social, Nancy Montero.<\/p>\n<p>Esta tarde se realiz\u00f3 un encuentro entre distintas \u00e1reas de la Municipalidad y los intendentes de Molinos, Seclant\u00e1s y Angastaco. En la reuni\u00f3n se analiz\u00f3 la posibilidad de replicar algunos planes emitidos por el municipio capitalino, a trav\u00e9s de la secretar\u00eda de Acci\u00f3n Social, en los tres municipios del interior salte\u00f1o.<\/p>\n<p>Por parte de la ciudad capital estuvieron presentes, el jefe de Gabinete, Jos\u00e9 Luis Gambetta, la secretaria de Acci\u00f3n Social, Nancy Montero, la subsecretaria de Deporte y Recreaci\u00f3n, Zulma Pedraza. Los funcionarios dialogaron con los intendentes Walter Ibarra (Molinos) Walter Ab\u00e1n (Seclant\u00e1s) y Eduardo D\u00edaz (Angastaco).<\/p>\n<p>\u201cSi bien nuestra localidad posee 1800 habitantes, veo la necesidad de aplicar las pol\u00edticas sociales implementadas en la gesti\u00f3n de Miguel Isa, en los municipios del interior, ya que estas generan fuentes de trabajo mediante capacitaciones, pol\u00edticas participativas generadoras de un crecimiento social y econ\u00f3mico que se va consolidando con el tiempo\u201d, resalt\u00f3 D\u00edaz.<\/p>\n<p>Convencidos de la necesidad de replicar pol\u00edticas implementadas en la ciudad de Salta a sus respectivas localidades, los jefes comunales expresaron: \u201cEste encuentro fue muy productivo ya que surgi\u00f3 la intenci\u00f3n de replicar \u00e1reas de Acci\u00f3n Social de Capital para brindar capacitaciones. Este acercamiento ofrecer\u00e1 a nuestro municipio, herramientas para continuar creciendo\u201d.<\/p>\n<p>En este sentido, se acord\u00f3 trasladar \u00e1reas de la Secretar\u00eda de Acci\u00f3n Social a los municipios mencionados para compartir sus experiencias y metodolog\u00eda en programas que abordan temas como salud, mujer, deporte, recreaci\u00f3n, adultos mayores, derechos del ni\u00f1o, educaci\u00f3n, inserci\u00f3n laboral, entre otros. Los trabajos conjuntos se pondr\u00e1n en marcha en los pr\u00f3ximos d\u00edas a fin de organizar los viajes de manera coordinada para fines de marzo.<\/p>\n<p>Intercambiar experiencias y acompa\u00f1amiento<br \/>\n\u201cLas pol\u00edticas sociales tienen que ver justamente con otorgar asistencia a la gente que lo necesita. Nos damos cuenta de que lo que venimos haciendo en nuestra ciudad trascendi\u00f3 las fronteras del municipio y eso nos llena de satisfacci\u00f3n\u201d, asegur\u00f3 Montero.<\/p>\n<p>\u201cLa gesti\u00f3n que lleva a adelante el intendente Miguel Isa en cuanto a pol\u00edticas p\u00fablicas son muy importantes y los intendentes vinieron a compatibilizar lo que ellos realizan con lo nuestro. Nuestra intenci\u00f3n es intercambiar experiencias y acompa\u00f1arlos en el proceso de implementaci\u00f3n de acciones en sus respectivos municipios\u201d, complet\u00f3 la funcionaria.<\/p>\n<h6>Fuente: La Hora de Salta<\/h6>\n","protected":false},"excerpt":{"rendered":"<p>As\u00ed lo manifestaron los jefes comunales de Angastaco, Seclant\u00e1s y Molinos, en una reuni\u00f3n mantenida esta tarde en el Centro C\u00edvico Municipal con funcionarios municipales, entre ellos el jefe de Gabinete Jos\u00e9 Luis Gambetta y la secretar\u00eda de Acci\u00f3n Social, Nancy Montero. Esta tarde se realiz\u00f3 un encuentro entre distintas \u00e1reas de la Municipalidad y<\/p>\n","protected":false},"author":2,"featured_media":25858,"comment_status":"closed","ping_status":"closed","sticky":false,"template":"","format":"standard","meta":{"footnotes":""},"categories":[2],"tags":[9],"class_list":["post-25857","post","type-post","status-publish","format-standard","has-post-thumbnail","hentry","category-informe-municipal","tag-salta"],"_links":{"self":[{"href":"http:\/\/argentinamunicipal.com.ar\/argentina\/wp-json\/wp\/v2\/posts\/25857","targetHints":{"allow":["GET"]}}],"collection":[{"href":"http:\/\/argentinamunicipal.com.ar\/argentina\/wp-json\/wp\/v2\/posts"}],"about":[{"href":"http:\/\/argentinamunicipal.com.ar\/argentina\/wp-json\/wp\/v2\/types\/post"}],"author":[{"embeddable":true,"href":"http:\/\/argentinamunicipal.com.ar\/argentina\/wp-json\/wp\/v2\/users\/2"}],"replies":[{"embeddable":true,"href":"http:\/\/argentinamunicipal.com.ar\/argentina\/wp-json\/wp\/v2\/comments?post=25857"}],"version-history":[{"count":0,"href":"http:\/\/argentinamunicipal.com.ar\/argentina\/wp-json\/wp\/v2\/posts\/25857\/revisions"}],"wp:featuredmedia":[{"embeddable":true,"href":"http:\/\/argentinamunicipal.com.ar\/argentina\/wp-json\/wp\/v2\/media\/25858"}],"wp:attachment":[{"href":"http:\/\/argentinamunicipal.com.ar\/argentina\/wp-json\/wp\/v2\/media?parent=25857"}],"wp:term":[{"taxonomy":"category","embeddable":true,"href":"http:\/\/argentinamunicipal.com.ar\/argentina\/wp-json\/wp\/v2\/categories?post=25857"},{"taxonomy":"post_tag","embeddable":true,"href":"http:\/\/argentinamunicipal.com.ar\/argentina\/wp-json\/wp\/v2\/tags?post=25857"}],"curies":[{"name":"wp","href":"https:\/\/api.w.org\/{rel}","templated":true}]}}